{"id":13457,"date":"2019-08-09T10:40:48","date_gmt":"2019-08-09T07:40:48","guid":{"rendered":"http:\/\/www.yeniterter.az\/?p=13457"},"modified":"2019-08-09T10:42:32","modified_gmt":"2019-08-09T07:42:32","slug":"ilham-%c9%99liyevin-yaninda-sosial-iqtisadi-sah%c9%99-il%c9%99-bagli-musavir%c9%99-kecirilib","status":"publish","type":"post","link":"https:\/\/yeniterter.az\/?p=13457","title":{"rendered":"\u0130LHAM \u018fL\u0130YEV\u0130N YANINDA SOS\u0130AL-\u0130QT\u0130SAD\u0130 SAH\u018f \u0130L\u018f BA\u011eLI M\u00dc\u015eAV\u0130R\u018f KE\u00c7\u0130R\u0130L\u0130B"},"content":{"rendered":"<p><strong><img decoding=\"async\" loading=\"lazy\" class=\" wp-image-13458 alignleft\" src=\"http:\/\/www.yeniterter.az\/wp-content\/uploads\/002-6-300x152.jpg\" alt=\"\" width=\"440\" height=\"223\" srcset=\"https:\/\/yeniterter.az\/wp-content\/uploads\/002-6-300x152.jpg 300w, https:\/\/yeniterter.az\/wp-content\/uploads\/002-6-768x389.jpg 768w, https:\/\/yeniterter.az\/wp-content\/uploads\/002-6-1024x519.jpg 1024w\" sizes=\"(max-width: 440px) 100vw, 440px\" \/>M\u00fc\u015favir\u0259d\u0259 \u00e7\u0131x\u0131\u015f ed\u0259n Prezident \u0130lham \u018fL\u0130YEV dedi:<\/strong><br \/>\n-\u0130lin \u0259vv\u0259lind\u0259 qar\u015f\u0131m\u0131za qoydu\u011fumuz v\u0259zif\u0259l\u0259r icra edilir, \u00f6lk\u0259miz inamla inki\u015faf edir, b\u00f6y\u00fck infrastruktur layih\u0259l\u0259ri icra olunur. \u00dcmumi iqtisadi v\u0259ziyy\u0259t \u00e7ox m\u00fcsb\u0259tdir v\u0259 bu, \u00f6z\u00fcn\u00fc r\u0259q\u0259ml\u0259rd\u0259 d\u0259 \u0259ks etdirir.<br \/>\n\u0130qtisadiyyat\u0131m\u0131z bu ilin alt\u0131 ay\u0131nda 2,4 faiz, qeyri-neft sektorumuz 3,2 faiz artm\u0131\u015fd\u0131r. \u018fn sevindirici g\u00f6st\u0259rici qeyri-neft s\u0259nayesind\u0259dir. Burada art\u0131m 15,7 faizdir. Bu, onu g\u00f6st\u0259rir ki, son ill\u0259rd\u0259 s\u0259nayel\u0259\u015fm\u0259 siyas\u0259timiz g\u00f6z\u0259l n\u0259tic\u0259l\u0259r verir. S\u0259nayemizin qeyri-neft sektoru rekord add\u0131mlarla ir\u0259lil\u0259yir. Bu sah\u0259d\u0259, \u0259lb\u0259tt\u0259 ki, bu il istifad\u0259y\u0259 verilmi\u015f iri m\u00fc\u0259ssis\u0259l\u0259rin rolu kifay\u0259t q\u0259d\u0259r b\u00f6y\u00fckd\u00fcr. Bildiyiniz kimi, karbamid zavodu, \u201cSOCAR-Polymer\u201d zavodu istifad\u0259y\u0259 verilmi\u015fdir v\u0259 bu zavodlar\u0131n istehsal h\u0259cmi kifay\u0259t q\u0259d\u0259r b\u00f6y\u00fckd\u00fcr. Eyni zamanda, ki\u00e7ik v\u0259 orta sahibkarl\u0131\u011f\u0131n inki\u015faf\u0131 \u00fc\u00e7\u00fcn laz\u0131mi add\u0131mlar at\u0131l\u0131r. Bel\u0259likl\u0259, alt\u0131 ayda qeyri-neft s\u0259nayemizin 15,7 faiz art\u0131m\u0131, \u0259lb\u0259tt\u0259 ki, \u00e7ox sevindirici hald\u0131r.<!--more--><br \/>\nK\u0259nd t\u0259s\u0259rr\u00fcfat\u0131nda da rekord g\u00f6st\u0259rici \u0259ld\u0259 edilib. K\u0259nd t\u0259s\u0259rr\u00fcfat\u0131 bu ilin alt\u0131 ay\u0131nda 13 faiz artm\u0131\u015fd\u0131r, x\u00fcsusil\u0259 bitki\u00e7ilik hesab\u0131na. Bitki\u00e7ilik 25 faiz artm\u0131\u015fd\u0131r. Y\u0259ni, bu, onu g\u00f6st\u0259rir ki, qoyulan investisiyalar, apar\u0131lan islahatlar, veril\u0259n subsidiyalar, k\u0259nd t\u0259s\u0259rr\u00fcfat\u0131na elmi yana\u015fma \u00f6z n\u0259tic\u0259sini verm\u0259kd\u0259dir. \u018fmin\u0259m ki, g\u0259l\u0259c\u0259k ill\u0259rd\u0259 k\u0259nd t\u0259s\u0259rr\u00fcfat\u0131 dayan\u0131ql\u0131 \u015f\u0259kild\u0259 inki\u015faf ed\u0259c\u0259k v\u0259 bel\u0259likl\u0259, h\u0259m m\u0259\u015f\u011fullu\u011fun, eyni zamanda, k\u0259nd t\u0259s\u0259rr\u00fcfat\u0131 ixrac\u0131n\u0131n art\u0131r\u0131lmas\u0131na xidm\u0259t g\u00f6st\u0259r\u0259c\u0259k.<br \/>\nTicar\u0259t d\u00f6vriyy\u0259miz d\u0259 kifay\u0259t q\u0259d\u0259r art\u0131b\u201320 faizd\u0259n \u00e7ox. Qeyri-neft ixrac\u0131m\u0131z 15 faiz artm\u0131\u015fd\u0131r. Alt\u0131 ayda \u00f6lk\u0259 iqtisadiyyat\u0131na 6 milyard dollardan \u00e7ox s\u0259rmay\u0259 qoyulub. Bu s\u0259rmay\u0259nin b\u00f6y\u00fck hiss\u0259si qeyri-neft sektoruna qoyulan s\u0259rmay\u0259dir. \u0130nflyasiya c\u0259mi 2,5 faizdir. Bu da yax\u015f\u0131 g\u00f6st\u0259ricidir, \u0259halinin g\u0259lirl\u0259ri 6,6 faiz artm\u0131\u015fd\u0131r. B\u00fcdc\u0259 daxilolmalar\u0131 Vergil\u0259r Nazirliyinin, D\u00f6vl\u0259t G\u00f6mr\u00fck Komit\u0259sinin x\u0259tti il\u0259 440 milyon manatdan \u00e7ox artm\u0131\u015fd\u0131r, y\u0259ni, plandan \u0259lav\u0259 y\u0131\u011f\u0131lm\u0131\u015fd\u0131r v\u0259 bu da apar\u0131lan islahatlar\u0131n t\u0259zah\u00fcr\u00fcd\u00fcr.<br \/>\nBir s\u00f6zl\u0259, b\u00fct\u00fcn iqtisadi g\u00f6st\u0259ricil\u0259r onu dem\u0259y\u0259 \u0259sas verir ki, biz d\u00fczg\u00fcn istiqam\u0259td\u0259 inki\u015faf edirik v\u0259 qar\u015f\u0131da duran b\u00fct\u00fcn v\u0259zif\u0259l\u0259ri icra edirik.<br \/>\nBildiyiniz kimi, bu ilin \u0259vv\u0259lind\u0259 \u00e7ox b\u00f6y\u00fck sosial paket t\u0259sdiql\u0259ndi v\u0259 bu sosial t\u0259\u015f\u0259bb\u00fcsl\u0259r 4 milyondan \u00e7ox insan\u0131 \u0259hat\u0259 edir. \u00c7ox \u00f6n\u0259mli add\u0131mlar at\u0131lm\u0131\u015fd\u0131r\u2013minimum \u0259m\u0259khaqq\u0131, minimum pensiya \u0259h\u0259miyy\u0259tli d\u0259r\u0259c\u0259d\u0259 qald\u0131r\u0131lm\u0131\u015fd\u0131r. Birinci d\u0259f\u0259 40 faiz, ikinci d\u0259f\u0259 d\u0259 40 faiz artm\u0131\u015fd\u0131r, bu, art\u0131q sentyabr ay\u0131ndan \u00f6d\u0259nil\u0259c\u0259k. Minimum \u0259m\u0259khaqq\u0131 t\u0259xmin\u0259n 2 d\u0259f\u0259 qald\u0131r\u0131l\u0131b, 130 manatdan 250 manata \u00e7atd\u0131r\u0131l\u0131b. Pensiya is\u0259 116 manatdan 200 manata \u00e7atd\u0131r\u0131l\u0131b. Bu da \u00e7ox \u0259h\u0259miyy\u0259tli art\u0131md\u0131r v\u0259 \u0259lb\u0259tt\u0259 ki, buna b\u00f6y\u00fck maliyy\u0259 v\u0259saiti laz\u0131md\u0131r. Biz \u0259lav\u0259 g\u0259lirl\u0259rimizin dem\u0259k olar ki, tam h\u0259cmini sosial sah\u0259y\u0259 y\u00f6n\u0259ldirik. \u00c7\u00fcnki sosial sah\u0259 bizim \u00fc\u00e7\u00fcn prioritet sah\u0259dir v\u0259 h\u0259r zaman bu sah\u0259 diqq\u0259t m\u0259rk\u0259zind\u0259 olub, bu g\u00fcn d\u0259 bel\u0259dir. Az\u0259rbaycan v\u0259t\u0259nda\u015flar\u0131n\u0131n rifah\u0131, onlar\u0131n ya\u015fay\u0131\u015f s\u0259viyy\u0259si daim diqq\u0259t m\u0259rk\u0259zind\u0259dir v\u0259 imkan daxilind\u0259 biz bu m\u0259s\u0259l\u0259l\u0259ri h\u0259ll edirik. Onu da bildirm\u0259liy\u0259m ki, bu sosial paketin h\u0259yata ke\u00e7irilm\u0259si \u00fc\u00e7\u00fcn \u00e7ox b\u00f6y\u00fck maliyy\u0259 v\u0259saiti t\u0259l\u0259b olunur. Biz buraya t\u0259xmin\u0259n 2 d\u0259f\u0259 art\u0131m\u0131n oldu\u011fu sosial m\u00fcavin\u0259tl\u0259ri d\u0259 \u0259lav\u0259 ed\u0259 bil\u0259rik. M\u0259cburi k\u00f6\u00e7k\u00fcnl\u0259r\u0259 veril\u0259n m\u00fcavin\u0259t 50 faiz artm\u0131\u015fd\u0131r, problemli kreditl\u0259rl\u0259 ba\u011fl\u0131 olan m\u0259s\u0259l\u0259 \u00f6z h\u0259llini tapm\u0131\u015fd\u0131r, dig\u0259r sosial t\u0259\u015f\u0259bb\u00fcsl\u0259r ir\u0259li s\u00fcr\u00fclm\u00fc\u015fd\u00fcr v\u0259 bu, bir daha onu g\u00f6st\u0259rir ki, bizim siyas\u0259timiz sosialy\u00f6n\u00fcml\u00fc siyas\u0259tdir.<\/p>\n","protected":false},"excerpt":{"rendered":"<p>M\u00fc\u015favir\u0259d\u0259 \u00e7\u0131x\u0131\u015f ed\u0259n Prezident \u0130lham \u018fL\u0130YEV dedi: -\u0130lin \u0259vv\u0259lind\u0259 qar\u015f\u0131m\u0131za qoydu\u011fumuz v\u0259zif\u0259l\u0259r icra edilir, \u00f6lk\u0259miz inamla inki\u015faf edir, b\u00f6y\u00fck infrastruktur layih\u0259l\u0259ri icra olunur. \u00dcmumi iqtisadi v\u0259ziyy\u0259t \u00e7ox m\u00fcsb\u0259tdir v\u0259 bu, \u00f6z\u00fcn\u00fc r\u0259q\u0259ml\u0259rd\u0259 d\u0259 \u0259ks etdirir. \u0130qtisadiyyat\u0131m\u0131z bu ilin alt\u0131 ay\u0131nda 2,4 faiz, qeyri-neft sektorumuz 3,2 faiz artm\u0131\u015fd\u0131r. \u018fn sevindirici g\u00f6st\u0259rici qeyri-neft s\u0259nayesind\u0259dir. Burada art\u0131m 15,7 [&hellip;]<\/p>\n","protected":false},"author":2,"featured_media":0,"comment_status":"closed","ping_status":"closed","sticky":false,"template":"","format":"standard","meta":[],"categories":[10],"tags":[],"_links":{"self":[{"href":"https:\/\/yeniterter.az\/index.php?rest_route=\/wp\/v2\/posts\/13457"}],"collection":[{"href":"https:\/\/yeniterter.az\/index.php?rest_route=\/wp\/v2\/posts"}],"about":[{"href":"https:\/\/yeniterter.az\/index.php?rest_route=\/wp\/v2\/types\/post"}],"author":[{"embeddable":true,"href":"https:\/\/yeniterter.az\/index.php?rest_route=\/wp\/v2\/users\/2"}],"replies":[{"embeddable":true,"href":"https:\/\/yeniterter.az\/index.php?rest_route=%2Fwp%2Fv2%2Fcomments&post=13457"}],"version-history":[{"count":0,"href":"https:\/\/yeniterter.az\/index.php?rest_route=\/wp\/v2\/posts\/13457\/revisions"}],"wp:attachment":[{"href":"https:\/\/yeniterter.az\/index.php?rest_route=%2Fwp%2Fv2%2Fmedia&parent=13457"}],"wp:term":[{"taxonomy":"category","embeddable":true,"href":"https:\/\/yeniterter.az\/index.php?rest_route=%2Fwp%2Fv2%2Fcategories&post=13457"},{"taxonomy":"post_tag","embeddable":true,"href":"https:\/\/yeniterter.az\/index.php?rest_route=%2Fwp%2Fv2%2Ftags&post=13457"}],"curies":[{"name":"wp","href":"https:\/\/api.w.org\/{rel}","templated":true}]}}