{"id":13098,"date":"2019-06-28T09:48:45","date_gmt":"2019-06-28T06:48:45","guid":{"rendered":"http:\/\/www.yeniterter.az\/?p=13098"},"modified":"2019-06-28T09:48:45","modified_gmt":"2019-06-28T06:48:45","slug":"ail%c9%99l%c9%99rimiz","status":"publish","type":"post","link":"https:\/\/yeniterter.az\/?p=13098","title":{"rendered":"Ail\u0259l\u0259rimiz"},"content":{"rendered":"<p style=\"text-align: center;\"><strong>K\u00d6VR\u018fK Q\u018fLB\u0130N D\u00d6Y\u00dcNT\u00dcL\u018fR\u0130<\/strong><\/p>\n<p><img decoding=\"async\" loading=\"lazy\" class=\" wp-image-13086 alignleft\" src=\"http:\/\/www.yeniterter.az\/wp-content\/uploads\/\u043d\u043e\u0432\u044b\u0439-2-10-300x200.jpg\" alt=\"\" width=\"340\" height=\"226\" srcset=\"https:\/\/yeniterter.az\/wp-content\/uploads\/\u043d\u043e\u0432\u044b\u0439-2-10-300x200.jpg 300w, https:\/\/yeniterter.az\/wp-content\/uploads\/\u043d\u043e\u0432\u044b\u0439-2-10-768x512.jpg 768w, https:\/\/yeniterter.az\/wp-content\/uploads\/\u043d\u043e\u0432\u044b\u0439-2-10-1024x683.jpg 1024w, https:\/\/yeniterter.az\/wp-content\/uploads\/\u043d\u043e\u0432\u044b\u0439-2-10.jpg 1184w\" sizes=\"(max-width: 340px) 100vw, 340px\" \/>H\u0259r bir yaranm\u0131\u015f\u0131n\u2013x\u00fcsusil\u0259 insan\u0131n \u0259vv\u0259li v\u0259 sonu vard\u0131r. Bu iki m\u0259fhum aras\u0131nda olanlar, \u00f6t\u00fcb-ke\u00e7\u0259nl\u0259r bir h\u0259yat tarix\u00e7\u0259si hesab olunur. Y\u0259ni, ya\u015fanm\u0131\u015f ke\u015fm\u0259ke\u015fli, ac\u0131l\u0131-\u015firinli g\u00fcnl\u0259rin xatir\u0259l\u0259rin\u0259 \u00e7evrilir. Bu xatir\u0259l\u0259r \u00f6mr\u00fc boyu insan\u0131 izl\u0259yir. B\u0259z\u0259n onlar\u0131 b\u00f6l\u00fc\u015fm\u0259k, payla\u015fmaq ist\u0259yi yaran\u0131r, ehtiyac\u0131 duyulur. Bu zaman bir par\u00e7a ka\u011f\u0131z-q\u0259l\u0259m k\u00f6m\u0259y\u0259 g\u0259lir v\u0259 xatir\u0259l\u0259rl\u0259 ba\u015f-ba\u015fa qal\u0131rsan. \u00c7al\u0131\u015f\u0131rsan el\u0259 yazasan ki, oxuyan bir t\u0259skinlik taps\u0131n.<br \/>\nQar\u015f\u0131mda d\u0259ft\u0259r v\u0259r\u0259qin\u0259 q\u0131sa yaz\u0131lm\u0131\u015f t\u0259rc\u00fcmeyi-hal\u0131 xat\u0131rladan k\u00f6vr\u0259k bir q\u0259lbin \u00e7\u0131rp\u0131nt\u0131lar\u0131 var. Burada atal\u0131-anal\u0131 g\u00fcnl\u0259rin h\u0259sr\u0259ti duyulur, \u00f6m\u00fcr-g\u00fcn yolda\u015f\u0131na v\u0259fal\u0131l\u0131q, V\u0259t\u0259n-Yurd m\u0259h\u0259bb\u0259ti uyuyur.<br \/>\nBu xatir\u0259l\u0259ri dil\u0259 g\u0259tir\u0259n ham\u0131m\u0131z\u0131n yax\u015f\u0131 tan\u0131d\u0131\u011f\u0131, camaat aras\u0131nda b\u00f6y\u00fck h\u00f6rm\u0259t\u0259 layiq, a\u011fsaqqal, h\u0259lim t\u0259bi\u0259tli bir insan olan Zakir Ba\u011f\u0131rovdur.<br \/>\nZakir m\u00fc\u0259llim\u0259 olan h\u00f6rm\u0259td\u0259n dolay\u0131 onun xatir\u0259l\u0259rin\u0259 he\u00e7 bir \u0259lav\u0259 etm\u0259d\u0259n ist\u0259dim d\u0259rd sahibinin \u00f6z dili il\u0259 oxucuya \u00e7atd\u0131r\u0131ls\u0131n. Zakir m\u00fc\u0259llim \u00f6t\u0259n g\u00fcnl\u0259rini bel\u0259 xat\u0131rlay\u0131r:<br \/>\n\u2013Atam Mehdiyev Ba\u011f\u0131r Ta\u011f\u0131 o\u011flu 1925-ci ild\u0259 Nax\u00e7\u0131van Muxtar Respublikas\u0131n\u0131n Culfa rayonunun N\u0259n\u0259cir k\u0259ndind\u0259 anadan olub. U\u015faq vaxtlar\u0131nda atas\u0131 il\u0259 anas\u0131 ayr\u0131ld\u0131qdan sonra anas\u0131n\u0131n himay\u0259sind\u0259 Vedibasar rayonunun Xalis\u0259 k\u0259ndind\u0259 boya-ba\u015fa \u00e7atm\u0131\u015fd\u0131r.<br \/>\n1943-1945-ci ill\u0259rd\u0259 B\u00f6y\u00fck V\u0259t\u0259n M\u00fcharib\u0259sinin i\u015ftirak\u00e7\u0131s\u0131 olub.<br \/>\n1946-c\u0131 ild\u0259 m\u00fcharib\u0259d\u0259n qay\u0131td\u0131qdan sonra \u0259sl\u0259n Vedibasar rayonunun Qaraqoyunlu k\u0259ndind\u0259n olan 1929-cu il t\u0259v\u0259ll\u00fcdl\u00fc Mehdiyeva Maral M\u00f6vlanverdi q\u0131z\u0131 il\u0259 ail\u0259 h\u0259yat\u0131 qurub, h\u0259min k\u0259ndd\u0259 ya\u015fam\u0131\u015flar. Anam Kolanl\u0131 k\u0259ndind\u0259 7-ci sinfi qurtard\u0131qdan sonra h\u0259min rayonun Bax\u00e7ac\u0131q k\u0259ndind\u0259 ibtidai sinif m\u00fc\u0259llimi i\u015fl\u0259mi\u015fdir. Bu, 1941-1945-ci ill\u0259r\u0259 t\u0259sad\u00fcf olunur.<br \/>\nAnam ail\u0259 h\u0259yat\u0131 qurdu\u011fu \u00fc\u00e7\u00fcn m\u00fc\u0259llimlik f\u0259aliyy\u0259tini dayand\u0131r\u0131r. 1949-cu ild\u0259 Stalin\u2013Mikoyan c\u00fctl\u00fcy\u00fcn\u00fcn verdiyi \u0259mr\u0259 \u0259sas\u0259n ail\u0259miz, o c\u00fcml\u0259d\u0259n, Qaraba\u011flar rayonunun \u00c7\u0131\u011f\u0131nd\u0259r\u0259 deyil\u0259n k\u0259ndi Az\u0259rbaycan Respublikas\u0131na deportasiya edilmi\u015f, mal-qara il\u0259 birlikd\u0259 y\u00fck da\u015f\u0131nan vaqonlarda Salyan rayonunun X\u0131ll\u0131 q\u0259s\u0259b\u0259sind\u0259 m\u0259skunla\u015fm\u0131\u015flar.<!--more--><br \/>\nAtam \u0130r\u0259vanda K\u0259nd T\u0259s\u0259rr\u00fcfat\u0131 Texnikumunu bitirdiyi \u00fc\u00e7\u00fcn Qaraqoyunlu k\u0259ndind\u0259 komsomol katibi v\u0259 k\u0259nd fermas\u0131na ba\u015f\u00e7\u0131l\u0131q etmi\u015fdir. Yax\u015f\u0131 i\u015fin\u0259 g\u00f6r\u0259 onu partiya s\u0131ralar\u0131na q\u0259bul etmi\u015fl\u0259r. Qaraqoyunlu k\u0259ndinin mal-davar fermas\u0131n\u0131 da \u00f6zl\u0259ri il\u0259 Salyan rayonuna g\u0259tirmi\u015f, lakin yay vaxt\u0131 aran \u015f\u0259raitin\u0259 d\u00f6zm\u0259y\u0259n heyvanlar \u015eamax\u0131 yayla\u011f\u0131nda t\u0259l\u0259f olmu\u015flar. Bu bar\u0259d\u0259 atam Az\u0259rbaycan KP MK-nin 1-ci katibi Mir C\u0259f\u0259r Ba\u011f\u0131rova teleqram vuraraq, komissiya t\u0259l\u0259b etmi\u015fdir. G\u00f6nd\u0259ril\u0259n komissiya ayd\u0131nl\u0131q g\u0259tirmi\u015f v\u0259 \u00f6l\u00fcm\u00fcn s\u0259b\u0259bl\u0259rini ayd\u0131nla\u015fd\u0131raraq, akt t\u0259rtib etmi\u015f, bir n\u00fcsx\u0259sini d\u0259 atama vermi\u015fl\u0259r.<br \/>\nAtam partiya\u00e7\u0131 oldu\u011fu \u00fc\u00e7\u00fcn Salyan rayonunun 1-ci katibi atama Bak\u0131 \u015f\u0259h\u0259rind\u0259 partiya m\u0259kt\u0259bind\u0259 oxuma\u011f\u0131 t\u0259klif etmi\u015f, lakin aran \u015f\u0259raitin\u0259 uy\u011funla\u015fmad\u0131qlar\u0131 \u00fc\u00e7\u00fcn atamgil yax\u0131n 5 ail\u0259 il\u0259 birlikd\u0259 T\u0259rt\u0259r rayonunun Hac\u0131q\u0259rv\u0259nd k\u0259ndin\u0259 k\u00f6\u00e7\u00fcb g\u0259lmi\u015fl\u0259r. Atam 1951-1964-c\u00fc ill\u0259rd\u0259 h\u0259min k\u0259ndd\u0259 t\u0259s\u0259rr\u00fcfat briqadiri v\u0259 qoyun ferma m\u00fcdiri i\u015fl\u0259mi\u015fdir. X\u0259st\u0259l\u0259ndiyi \u00fc\u00e7\u00fcn \u0259riz\u0259 il\u0259 i\u015fd\u0259n \u00e7\u0131xm\u0131\u015fd\u0131r. Atam yenid\u0259n t\u0259hsilini G\u0259nc\u0259 \u015f\u0259h\u0259rind\u0259 bir illik m\u00fchasibat kursunda davam etdirmi\u015f, qurtard\u0131qdan sonra rayonda m\u00fchasib kimi f\u0259aliyy\u0259t\u0259 ba\u015flam\u0131\u015f, m\u00fcxt\u0259lif i\u015fl\u0259rd\u0259, o c\u00fcml\u0259d\u0259n, 15 il\u0259 yax\u0131n avtomobil hiss\u0259l\u0259ri ma\u011fazas\u0131nda m\u00fcdir i\u015fl\u0259mi\u015fdir. 2006-c\u0131 ild\u0259 v\u0259fat etmi\u015fdir. Anam is\u0259 t\u0259qa\u00fcd\u0259 \u00e7\u0131xana kimi Mirz\u0259 F\u0259t\u0259li Axundov ad\u0131na kolxozda kolxoz\u00e7u olmu\u015fdur. Atam v\u0259 anam 7 u\u015faq: 5 o\u011flan, 2 q\u0131z t\u0259rbiy\u0259 ed\u0259r\u0259k, onlar\u0131n 4-\u00fcn\u0259 ali t\u0259hsil, 1-n\u0259 is\u0259 orta ixtisas t\u0259hsili vermi\u015fl\u0259r. H\u0259l\u0259 orta m\u0259kt\u0259bd\u0259 oxudu\u011fumuz vaxt\u0131 d\u0259rsl\u0259rd\u0259n \u00e7\u0259tinliyimiz olanda anam biz\u0259 istiqam\u0259t ver\u0259rdi. Anam son vaxtlara kimi eyn\u0259ksiz \u201cYeni T\u0259rt\u0259r\u201d v\u0259 \u201cVedibasar\u201d q\u0259zetl\u0259rini h\u0259v\u0259sl\u0259 oxuyard\u0131.<br \/>\nAnam 2019-cu il aprel ay\u0131n\u0131n 10-da g\u00f6zl\u0259rini \u0259b\u0259di yumdu. Anan\u0131 itirm\u0259k \u00f6vlad \u00fc\u00e7\u00fcn d\u00f6z\u00fclm\u0259zdir.<br \/>\nAnamdan bir ay sonra is\u0259 h\u0259yat yolda\u015f\u0131m M\u0259mm\u0259dova Reyhan \u018fli q\u0131z\u0131n\u0131 itirdim. Allah b\u00fct\u00fcn d\u00fcnyas\u0131n\u0131 d\u0259yi\u015fmi\u015f analara r\u0259hm\u0259t el\u0259sin, q\u0259birl\u0259ri nurla dolsun!<br \/>\nDo\u011fmalar\u0131n itkisi insan \u00fc\u00e7\u00fcn d\u0259rddir, \u0259l\u0259mdir. \u00d6z\u00fc d\u0259 \u00f6mr\u00fcn aqil \u00e7a\u011f\u0131nda. Bu itkil\u0259r insan\u0131n ata-anadan, \u00f6m\u00fcr-g\u00fcn yolda\u015f\u0131ndan g\u00f6rd\u00fcy\u00fc h\u0259dsiz sevgisinin, ist\u0259yinin sonu dem\u0259kdir. He\u00e7 zaman unudulmayan, yaddan \u00e7\u0131xmayan qay\u011f\u0131lara, n\u0259vazi\u015fl\u0259r\u0259 h\u0259sr\u0259t qalman\u0131n nisgilidir!<br \/>\nAmma n\u0259 etm\u0259li? \u0130st\u0259s\u0259k d\u0259, ist\u0259m\u0259s\u0259k d\u0259 bu, h\u0259yatd\u0131r. H\u0259r birimiz itkil\u0259rl\u0259 ya\u015fama\u011fa m\u0259hkumuq. Bu, h\u0259yat\u0131n he\u00e7 zaman d\u0259yi\u015film\u0259y\u0259n qanunudur. Ulu Tanr\u0131 t\u0259r\u0259find\u0259n t\u0259sdiql\u0259nmi\u015f qanunun ac\u0131s\u0131n\u0131 s\u0259brl\u0259 \u00e7\u0259km\u0259liyik. Allah s\u0259brinizi versin, Zakir m\u00fc\u0259llim! Qalanlar sa\u011f olsun.<\/p>\n<p style=\"text-align: right;\">\n<em><strong>Elfuz\u0259 V\u018fL\u0130YEVA<\/strong> <\/em><\/p>\n","protected":false},"excerpt":{"rendered":"<p>K\u00d6VR\u018fK Q\u018fLB\u0130N D\u00d6Y\u00dcNT\u00dcL\u018fR\u0130 H\u0259r bir yaranm\u0131\u015f\u0131n\u2013x\u00fcsusil\u0259 insan\u0131n \u0259vv\u0259li v\u0259 sonu vard\u0131r. Bu iki m\u0259fhum aras\u0131nda olanlar, \u00f6t\u00fcb-ke\u00e7\u0259nl\u0259r bir h\u0259yat tarix\u00e7\u0259si hesab olunur. Y\u0259ni, ya\u015fanm\u0131\u015f ke\u015fm\u0259ke\u015fli, ac\u0131l\u0131-\u015firinli g\u00fcnl\u0259rin xatir\u0259l\u0259rin\u0259 \u00e7evrilir. Bu xatir\u0259l\u0259r \u00f6mr\u00fc boyu insan\u0131 izl\u0259yir. B\u0259z\u0259n onlar\u0131 b\u00f6l\u00fc\u015fm\u0259k, payla\u015fmaq ist\u0259yi yaran\u0131r, ehtiyac\u0131 duyulur. Bu zaman bir par\u00e7a ka\u011f\u0131z-q\u0259l\u0259m k\u00f6m\u0259y\u0259 g\u0259lir v\u0259 xatir\u0259l\u0259rl\u0259 ba\u015f-ba\u015fa qal\u0131rsan. \u00c7al\u0131\u015f\u0131rsan [&hellip;]<\/p>\n","protected":false},"author":2,"featured_media":0,"comment_status":"closed","ping_status":"closed","sticky":false,"template":"","format":"standard","meta":[],"categories":[10],"tags":[],"_links":{"self":[{"href":"https:\/\/yeniterter.az\/index.php?rest_route=\/wp\/v2\/posts\/13098"}],"collection":[{"href":"https:\/\/yeniterter.az\/index.php?rest_route=\/wp\/v2\/posts"}],"about":[{"href":"https:\/\/yeniterter.az\/index.php?rest_route=\/wp\/v2\/types\/post"}],"author":[{"embeddable":true,"href":"https:\/\/yeniterter.az\/index.php?rest_route=\/wp\/v2\/users\/2"}],"replies":[{"embeddable":true,"href":"https:\/\/yeniterter.az\/index.php?rest_route=%2Fwp%2Fv2%2Fcomments&post=13098"}],"version-history":[{"count":0,"href":"https:\/\/yeniterter.az\/index.php?rest_route=\/wp\/v2\/posts\/13098\/revisions"}],"wp:attachment":[{"href":"https:\/\/yeniterter.az\/index.php?rest_route=%2Fwp%2Fv2%2Fmedia&parent=13098"}],"wp:term":[{"taxonomy":"category","embeddable":true,"href":"https:\/\/yeniterter.az\/index.php?rest_route=%2Fwp%2Fv2%2Fcategories&post=13098"},{"taxonomy":"post_tag","embeddable":true,"href":"https:\/\/yeniterter.az\/index.php?rest_route=%2Fwp%2Fv2%2Ftags&post=13098"}],"curies":[{"name":"wp","href":"https:\/\/api.w.org\/{rel}","templated":true}]}}