{"id":12909,"date":"2019-06-10T09:16:48","date_gmt":"2019-06-10T06:16:48","guid":{"rendered":"http:\/\/www.yeniterter.az\/?p=12909"},"modified":"2019-06-10T09:18:44","modified_gmt":"2019-06-10T06:18:44","slug":"t%c9%99rt%c9%99r-rayon-q%c9%99zeti-85","status":"publish","type":"post","link":"https:\/\/yeniterter.az\/?p=12909","title":{"rendered":"T\u0259rt\u0259r rayon q\u0259zeti\u201385"},"content":{"rendered":"<p style=\"text-align: center;\"><em><strong>T\u018fRT\u018fR\u0130N SALNAM\u018fS\u0130N\u0130 YAZAN Q\u018fZET<\/strong><\/em><\/p>\n<p>\u018fziz qarda\u015f\u0131m\u0131z \u201cYeni T\u0259rt\u0259r\u201d, ilk c\u00fcml\u0259mizd\u0259 85 illik yubileyinizi t\u0259brik edirik! H\u0259r n\u00f6mr\u0259nizi s\u0259birsizlikl\u0259 g\u00f6zl\u0259yirik, h\u0259r yaz\u0131n\u0131z\u0131 diqq\u0259tl\u0259 oxuyub, \u015f\u0259kill\u0259rinizin m\u0259qs\u0259din\u0259 diqq\u0259t yetiririk v\u0259 g\u00f6r\u00fcr\u00fck ki, c\u0259bh\u0259 b\u00f6lg\u0259sind\u0259 olsa da T\u0259rt\u0259r \u015f\u0259h\u0259ri, rayonun k\u0259ndl\u0259ri ilb\u0259il g\u00f6z\u0259ll\u0259\u015fir, donunu d\u0259yi\u015fir, qurub\u2013yaradan insanlar\u0131 qoruduqlar\u0131 torpa\u011f\u0131 \u0259kib-bec\u0259rir, tarlalarda bol m\u0259hsul yeti\u015fdirirl\u0259r. Q\u0259zet rayondak\u0131 hadis\u0259l\u0259rd\u0259n, quruculuq i\u015fl\u0259rind\u0259n m\u00fcnt\u0259z\u0259m yaz\u0131r, t\u0259hsild\u0259n, s\u0259hiyy\u0259nin, m\u0259d\u0259niyy\u0259tin, idman\u0131n, m\u0259n\u0259vi v\u0259 dini d\u0259y\u0259rl\u0259rimizin i\u015f\u0131qland\u0131r\u0131lmas\u0131nda s\u00f6z\u00fcn\u00fc deyir. Bir s\u00f6zl\u0259, H\u0259s\u0259n b\u0259y Z\u0259rdabinin yaratd\u0131\u011f\u0131 \u201c\u018fkin\u00e7i\u201dnin etibarl\u0131, c\u0259sur s\u0259l\u0259fi kimi missiyan\u0131 layiqinc\u0259 yerin\u0259 yetirirs\u0259n. Yarand\u0131\u011f\u0131n g\u00fcnd\u0259n b\u0259ri ad\u0131n d\u0259f\u0259l\u0259rl\u0259 d\u0259yi\u015fs\u0259 d\u0259 m\u0259qs\u0259dind\u0259n, m\u0259ram\u0131ndan d\u00f6nm\u0259mis\u0259n.<br \/>\n\u018fziz h\u0259mkarlar\u0131m\u0131z, h\u0259r n\u00f6mr\u0259nizi oxuyanda sanki, g\u00f6z\u0259l T\u0259rt\u0259rd\u0259\u2013Sizin yan\u0131n\u0131zday\u0131q. Onun d\u00fc\u015fm\u0259nl\u0259 \u00fcz-\u00fcz\u0259 qal\u0131b \u015f\u00fcca\u0259t, m\u0259tan\u0259t, d\u0259yan\u0259t, h\u00fcn\u0259r g\u00f6st\u0259r\u0259n o\u011fullar\u0131 il\u0259 h\u0259ms\u00f6hb\u0259tik. Bu g\u00fcn c\u0259bh\u0259yan\u0131 rayonlar\u0131m\u0131zda insanlar\u0131n ya\u015fam t\u0259rzi bunu t\u0259l\u0259b edir. Sizd\u0259n m\u0259saf\u0259c\u0259 uzaq olsaq da, b\u00fct\u00fcn ac\u0131l\u0131-\u015firinli anlar\u0131 biz d\u0259 ya\u015fay\u0131r\u0131q. Ancaq atalar: \u201c\u00e7\u0259tin g\u00fcn\u00fcn \u00f6mr\u00fc az olar\u201d\u2013deyibl\u0259r.<!--more--><\/p>\n<p>Dostlar, m\u0259tbuat obyektiv olanda, h\u0259qiq\u0259ti g\u00f6r\u00fcb yazanda, h\u0259yat\u0131n reall\u0131\u011f\u0131n\u0131 \u0259ks etdir\u0259nd\u0259 oxucu t\u0259r\u0259find\u0259n oxunur v\u0259 sevilir. Q\u0259zetiniz d\u0259 bu reall\u0131\u011fa s\u00f6yk\u0259nib, \u00f6lk\u0259mizin, yay\u0131ld\u0131\u011f\u0131 rayonun d\u0259rd-s\u0259rini, inki\u015faf u\u011furlar\u0131n\u0131 \u0259ks etdirir.<br \/>\nJurnalistl\u0259rin dostu, m\u0259sl\u0259h\u0259t\u00e7isi, ideya ver\u0259ni olan \u00fcmummilli lider Heyd\u0259r \u018fliyev, onun jurnalistikaya verdiyi d\u0259y\u0259r Az\u0259rbaycan K\u00fctl\u0259vi \u0130nformasiya i\u015f\u00e7il\u0259rinin z\u0259hm\u0259tinin lakonik, \u0259n d\u0259qiq ifad\u0259sidir: \u201cJurnalistl\u0259rin \u0259m\u0259yi \u00e7\u0259tin \u0259m\u0259kdir, olduqca b\u00f6y\u00fck z\u0259hm\u0259tli, \u00e7ox s\u0259yl\u0259r g\u00f6st\u0259rilm\u0259sini, c\u0259surluq, h\u00fcn\u0259r, f\u0259dakarl\u0131q t\u0259l\u0259b ed\u0259n \u0259m\u0259kdir, \u00f6z pe\u015f\u0259sin\u0259 vur\u011funlu\u011fu t\u0259l\u0259b ed\u0259n \u0259m\u0259kdir\u201d.<br \/>\nBu g\u00fcn milli m\u0259tbuat\u0131m\u0131zda Heyd\u0259r \u018fliyev qay\u011f\u0131s\u0131 m\u00f6ht\u0259r\u0259m Prezidentimiz c\u0259nab \u0130lham \u018fliyev t\u0259r\u0259find\u0259n davam etdirilir.<br \/>\nD\u00f6vl\u0259timizin, m\u00fcst\u0259qilliyimizin, inki\u015faf\u0131m\u0131z\u0131n, milli-m\u0259n\u0259vi d\u0259y\u0259rl\u0259rimizin, yeni n\u0259slin v\u0259t\u0259np\u0259rv\u0259rlik ruhunun, xalq\u0131n xo\u015f ovqat\u0131n\u0131n y\u00fcks\u0259ldilm\u0259si ke\u015fiyind\u0259 ay\u0131q-say\u0131q dayanan \u201cYeni T\u0259rt\u0259r\u201d\u00e7il\u0259rin 85 illik bayram\u0131n\u0131 t\u0259brik edir, yarad\u0131c\u0131 kollektiv\u0259 xo\u015f arzular\u0131m\u0131z\u0131 bildiririk. \u00d6mr\u00fcn\u00fcz uzun, ruhunuz sa\u011flam, q\u0259l\u0259miniz iti olsun.<br \/>\nMasall\u0131 Rayon \u0130cra Hakimiyy\u0259tinin orqan\u0131\u2013h\u0259ft\u0259lik<\/p>\n<p style=\"text-align: right;\"><em><strong>\u201cYeni h\u0259yat\u201d q\u0259zetinin ba\u015f redaktoru <\/strong><\/em><br \/>\n<em><strong>\u018flih\u00fcseyn \u015e\u00fck\u00fcrov v\u0259 yarad\u0131c\u0131 kollektivi<\/strong><\/em><\/p>\n","protected":false},"excerpt":{"rendered":"<p>T\u018fRT\u018fR\u0130N SALNAM\u018fS\u0130N\u0130 YAZAN Q\u018fZET \u018fziz qarda\u015f\u0131m\u0131z \u201cYeni T\u0259rt\u0259r\u201d, ilk c\u00fcml\u0259mizd\u0259 85 illik yubileyinizi t\u0259brik edirik! H\u0259r n\u00f6mr\u0259nizi s\u0259birsizlikl\u0259 g\u00f6zl\u0259yirik, h\u0259r yaz\u0131n\u0131z\u0131 diqq\u0259tl\u0259 oxuyub, \u015f\u0259kill\u0259rinizin m\u0259qs\u0259din\u0259 diqq\u0259t yetiririk v\u0259 g\u00f6r\u00fcr\u00fck ki, c\u0259bh\u0259 b\u00f6lg\u0259sind\u0259 olsa da T\u0259rt\u0259r \u015f\u0259h\u0259ri, rayonun k\u0259ndl\u0259ri ilb\u0259il g\u00f6z\u0259ll\u0259\u015fir, donunu d\u0259yi\u015fir, qurub\u2013yaradan insanlar\u0131 qoruduqlar\u0131 torpa\u011f\u0131 \u0259kib-bec\u0259rir, tarlalarda bol m\u0259hsul yeti\u015fdirirl\u0259r. Q\u0259zet rayondak\u0131 hadis\u0259l\u0259rd\u0259n, quruculuq [&hellip;]<\/p>\n","protected":false},"author":2,"featured_media":0,"comment_status":"closed","ping_status":"closed","sticky":false,"template":"","format":"standard","meta":[],"categories":[10],"tags":[],"_links":{"self":[{"href":"https:\/\/yeniterter.az\/index.php?rest_route=\/wp\/v2\/posts\/12909"}],"collection":[{"href":"https:\/\/yeniterter.az\/index.php?rest_route=\/wp\/v2\/posts"}],"about":[{"href":"https:\/\/yeniterter.az\/index.php?rest_route=\/wp\/v2\/types\/post"}],"author":[{"embeddable":true,"href":"https:\/\/yeniterter.az\/index.php?rest_route=\/wp\/v2\/users\/2"}],"replies":[{"embeddable":true,"href":"https:\/\/yeniterter.az\/index.php?rest_route=%2Fwp%2Fv2%2Fcomments&post=12909"}],"version-history":[{"count":0,"href":"https:\/\/yeniterter.az\/index.php?rest_route=\/wp\/v2\/posts\/12909\/revisions"}],"wp:attachment":[{"href":"https:\/\/yeniterter.az\/index.php?rest_route=%2Fwp%2Fv2%2Fmedia&parent=12909"}],"wp:term":[{"taxonomy":"category","embeddable":true,"href":"https:\/\/yeniterter.az\/index.php?rest_route=%2Fwp%2Fv2%2Fcategories&post=12909"},{"taxonomy":"post_tag","embeddable":true,"href":"https:\/\/yeniterter.az\/index.php?rest_route=%2Fwp%2Fv2%2Ftags&post=12909"}],"curies":[{"name":"wp","href":"https:\/\/api.w.org\/{rel}","templated":true}]}}