{"id":12899,"date":"2019-06-10T09:05:49","date_gmt":"2019-06-10T06:05:49","guid":{"rendered":"http:\/\/www.yeniterter.az\/?p=12899"},"modified":"2019-06-10T09:05:49","modified_gmt":"2019-06-10T06:05:49","slug":"ekoloji-tarazligin-muhafiz%c9%99-olunmasi","status":"publish","type":"post","link":"https:\/\/yeniterter.az\/?p=12899","title":{"rendered":"EKOLOJ\u0130 TARAZLI\u011eIN M\u00dcHAF\u0130Z\u018f OLUNMASI"},"content":{"rendered":"<p><img decoding=\"async\" loading=\"lazy\" class=\"size-medium wp-image-12900 alignleft\" src=\"http:\/\/www.yeniterter.az\/wp-content\/uploads\/15008910994972836398-300x191.jpg\" alt=\"\" width=\"300\" height=\"191\" srcset=\"https:\/\/yeniterter.az\/wp-content\/uploads\/15008910994972836398-300x191.jpg 300w, https:\/\/yeniterter.az\/wp-content\/uploads\/15008910994972836398-768x488.jpg 768w, https:\/\/yeniterter.az\/wp-content\/uploads\/15008910994972836398.jpg 1000w\" sizes=\"(max-width: 300px) 100vw, 300px\" \/>\u018ftraf m\u00fchitin m\u00fchafiz\u0259si, t\u0259bi\u0259tin qorunmas\u0131, ekoloji probleml\u0259rin aradan qald\u0131r\u0131lmas\u0131 aktual m\u0259s\u0259l\u0259l\u0259rd\u0259ndir. Bu m\u0259qs\u0259dl\u0259 Birl\u0259\u015fmi\u015f Mill\u0259tl\u0259r T\u0259\u015fkilat\u0131 Ba\u015f Assambleyas\u0131n\u0131n 1972-ci il 15 dekabr tarixli q\u0259rar\u0131na \u0259sas\u0259n iyun ay\u0131n\u0131n 5-i \u00dcmumd\u00fcnya \u018ftraf M\u00fchitin M\u00fchafiz\u0259si G\u00fcn\u00fc elan edilmi\u015fdir.<br \/>\nAz\u0259rbaycanda \u0259traf m\u00fchitin m\u00fchafiz\u0259si v\u0259 ekoloji probleml\u0259rin h\u0259lli \u00fcmummilli liderimiz Heyd\u0259r \u018fliyevin ad\u0131 il\u0259 ba\u011fl\u0131d\u0131r. Ulu \u00f6nd\u0259rimiz ekoloji probleml\u0259rin h\u0259lli bar\u0259d\u0259 demi\u015fdir: \u201cT\u0259bii s\u0259rv\u0259tl\u0259r\u0259 qay\u011f\u0131 il\u0259 yana\u015f\u0131lmas\u0131, planetin genefondunun qorunmas\u0131, ekoloji sa\u011flaml\u0131q v\u0259 dig\u0259r qlobal probleml\u0259r ayr\u0131l\u0131qda h\u0259r bir d\u00f6vl\u0259ti ciddi d\u00fc\u015f\u00fcnd\u00fcrs\u0259 d\u0259, onlar\u0131 yaln\u0131z birg\u0259 s\u0259yl\u0259rl\u0259 h\u0259ll etm\u0259k m\u00fcmk\u00fcnd\u00fcr\u201d. Dahi \u015f\u0259xsiyy\u0259tin \u00f6lk\u0259miz\u0259 r\u0259hb\u0259rliyinin birinci d\u00f6vr\u00fcnd\u0259 bu istiqam\u0259td\u0259 kompleks t\u0259dbirl\u0259r h\u0259yata ke\u00e7irilmi\u015f, respublikam\u0131z\u0131n b\u00fct\u00fcn b\u00f6lg\u0259l\u0259rind\u0259 ya\u015f\u0131lla\u015fd\u0131rma i\u015fl\u0259ri geni\u015f v\u00fcs\u0259t alm\u0131\u015fd\u0131r. M\u00fcst\u0259qillik ill\u0259rind\u0259 d\u0259 \u00fcmummilli liderimizin t\u0259\u015f\u0259bb\u00fcs\u00fc il\u0259 ekoloji siyas\u0259t u\u011furla davam etdirilmi\u015f, y\u00fcz min hektarlarla yeni ya\u015f\u0131ll\u0131q zolaqlar\u0131 sal\u0131nm\u0131\u015fd\u0131r.<!--more--><br \/>\nAz\u0259rbaycan Respublikas\u0131n\u0131n Konstitusiyas\u0131nda da t\u0259bi\u0259tin m\u00fchafiz\u0259si, t\u0259bii s\u0259rv\u0259tl\u0259rd\u0259n xalq\u0131n rifah\u0131n\u0131n yax\u015f\u0131la\u015fd\u0131r\u0131lmas\u0131 m\u0259qs\u0259di il\u0259 s\u0259m\u0259r\u0259li istifad\u0259 olunmas\u0131 \u00f6z \u0259ksini tapm\u0131\u015fd\u0131r. \u201cEkoloji t\u0259hl\u00fck\u0259sizlik haqq\u0131nda\u201d, \u201c\u018ftraf m\u00fchitin m\u00fchafiz\u0259si haqq\u0131nda\u201d, \u201cX\u00fcsusi m\u00fchafiz\u0259 olunan t\u0259bi\u0259t \u0259razil\u0259ri v\u0259 obyektl\u0259r haqq\u0131nda\u201d Az\u0259rbaycan Respublikas\u0131n\u0131n qanunlar\u0131 da t\u0259bi\u0259tin qorunmas\u0131 ekoloji m\u00fchitin safla\u015fd\u0131r\u0131lmas\u0131 bax\u0131m\u0131ndan m\u00fch\u00fcm \u0259h\u0259miyy\u0259t k\u0259sb edir. Ekoloji probleml\u0259r daha \u00e7ox mill\u0259tl\u0259raras\u0131 v\u0259 \u00f6lk\u0259l\u0259raras\u0131 m\u0259s\u0259l\u0259 oldu\u011fundan ekologiya sah\u0259sind\u0259 \u00f6lk\u0259mizl\u0259 bir s\u0131ra beyn\u0259lxalq t\u0259\u015fkilatlar aras\u0131nda m\u00fch\u00fcm sazi\u015fl\u0259r imzalanm\u0131\u015f v\u0259 faydal\u0131 \u0259m\u0259kda\u015fl\u0131qlar qurulmu\u015fdur. M\u00f6vcud t\u0259bii s\u0259rv\u0259tl\u0259rd\u0259n, bitki v\u0259 heyvan ehtiyatlar\u0131ndan, sudan, atmosferd\u0259n, torpaqdan s\u0259m\u0259r\u0259li istifad\u0259 edilm\u0259si, qorunmas\u0131, b\u0259rpas\u0131 m\u0259qs\u0259dil\u0259 \u00f6lk\u0259miz bir s\u0131ra konfessiyalara qo\u015fulmu\u015fdur. \u201c\u0130qlim d\u0259yi\u015fm\u0259l\u0259ri \u00fczr\u0259 \u00e7\u0259r\u00e7iv\u0259 konfessiyas\u0131\u201dna, \u201cK\u00f6k\u00fcn\u00fcn k\u0259silm\u0259k t\u0259hl\u00fck\u0259si olan v\u0259h\u015fi fauna v\u0259 yaban\u0131 flora n\u00f6vl\u0259rinin beyn\u0259lxalq ticar\u0259ti haqq\u0131nda konfessiya\u201dya, \u201cS\u0259rh\u0259dd\u0259n ke\u00e7\u0259n su ax\u0131nlar\u0131n\u0131n v\u0259 beyn\u0259lxalq g\u00f6ll\u0259rin m\u00fchafiz\u0259si v\u0259 istifad\u0259si \u00fczr\u0259 konfessiya\u201d, \u201cBioloji m\u00fcxt\u0259liflik haqq\u0131nda konfessiya\u201d v\u0259 sair onlarla konfessiyalar bu q\u0259bild\u0259ndir. Bu siyas\u0259t \u00f6lk\u0259 Prezidenti \u0130lham \u018fliyev t\u0259r\u0259find\u0259n u\u011furla davam etdirilir.<br \/>\nRayonumuzda da ekoloji probleml\u0259rin h\u0259lli, \u0259traf m\u00fchitin qorunmas\u0131, t\u0259bi\u0259tin z\u0259nginl\u0259\u015fdirilm\u0259si daim diqq\u0259t m\u0259rk\u0259zind\u0259 saxlan\u0131l\u0131r. T\u0259bii iqlim v\u0259 torpaq x\u00fcsusiyy\u0259tl\u0259ri, t\u0259bii su potensial\u0131 n\u0259z\u0259r\u0259 al\u0131naraq, \u0259n m\u00fch\u00fcm ekoloji t\u0259dbir kimi ya\u015f\u0131lla\u015fd\u0131rma i\u015fl\u0259rin\u0259 x\u00fcsusi diqq\u0259t yetirilir. Cari ild\u0259n \u00f6t\u0259n d\u00f6vr \u0259rzind\u0259 rayon \u0259razisind\u0259 ekoloji tarazl\u0131\u011f\u0131n qorunmas\u0131 m\u0259qs\u0259dil\u0259 9 mind\u0259n \u00e7ox m\u00fcxt\u0259lif n\u00f6v a\u011fac, 2 min \u0259d\u0259d g\u00fcl, 500 min \u0259d\u0259d h\u0259mi\u015f\u0259ya\u015f\u0131l kollar \u0259kilib.<br \/>\n\u018ftraf m\u00fchit v\u0259 t\u0259bii s\u0259rv\u0259tl\u0259rin qorunmas\u0131nda ekoloji maarifl\u0259ndirm\u0259nin m\u00fch\u00fcm rolu vard\u0131r. G\u0259nc n\u0259slin ekoloji m\u0259d\u0259niyy\u0259t s\u0259viyy\u0259sinin t\u0259kmill\u0259\u015fdirilm\u0259si v\u0259 \u0259traf m\u00fchitin birg\u0259 m\u00fchafiz\u0259sin\u0259 c\u0259lb olunmas\u0131 diqq\u0259t m\u0259rk\u0259zind\u0259 saxlan\u0131laraq ard\u0131c\u0131l t\u0259dbirl\u0259r h\u0259yata ke\u00e7irilir. Bu sah\u0259y\u0259 g\u00f6st\u0259ril\u0259n qay\u011f\u0131 h\u0259r birimizd\u0259n t\u0259bi\u0259t\u0259, torpa\u011fa, v\u0259t\u0259n\u0259 qay\u011f\u0131 v\u0259 sevgi il\u0259 yana\u015fma\u011f\u0131 t\u0259l\u0259b edir. \u018ftraf m\u00fchitd\u0259n istifad\u0259 etm\u0259k d\u0259 h\u0259r birimizin v\u0259t\u0259nda\u015f h\u00fcququ oldu\u011fu kimi, onun qorunmas\u0131 da h\u0259r birimizin v\u0259t\u0259nda\u015fl\u0131q borcudur.<\/p>\n<p style=\"text-align: right;\">\n<em><strong>Elfuz\u0259 V\u018fL\u0130YEVA<\/strong><\/em><\/p>\n","protected":false},"excerpt":{"rendered":"<p>\u018ftraf m\u00fchitin m\u00fchafiz\u0259si, t\u0259bi\u0259tin qorunmas\u0131, ekoloji probleml\u0259rin aradan qald\u0131r\u0131lmas\u0131 aktual m\u0259s\u0259l\u0259l\u0259rd\u0259ndir. Bu m\u0259qs\u0259dl\u0259 Birl\u0259\u015fmi\u015f Mill\u0259tl\u0259r T\u0259\u015fkilat\u0131 Ba\u015f Assambleyas\u0131n\u0131n 1972-ci il 15 dekabr tarixli q\u0259rar\u0131na \u0259sas\u0259n iyun ay\u0131n\u0131n 5-i \u00dcmumd\u00fcnya \u018ftraf M\u00fchitin M\u00fchafiz\u0259si G\u00fcn\u00fc elan edilmi\u015fdir. Az\u0259rbaycanda \u0259traf m\u00fchitin m\u00fchafiz\u0259si v\u0259 ekoloji probleml\u0259rin h\u0259lli \u00fcmummilli liderimiz Heyd\u0259r \u018fliyevin ad\u0131 il\u0259 ba\u011fl\u0131d\u0131r. Ulu \u00f6nd\u0259rimiz ekoloji probleml\u0259rin h\u0259lli [&hellip;]<\/p>\n","protected":false},"author":2,"featured_media":0,"comment_status":"closed","ping_status":"closed","sticky":false,"template":"","format":"standard","meta":[],"categories":[10],"tags":[],"_links":{"self":[{"href":"https:\/\/yeniterter.az\/index.php?rest_route=\/wp\/v2\/posts\/12899"}],"collection":[{"href":"https:\/\/yeniterter.az\/index.php?rest_route=\/wp\/v2\/posts"}],"about":[{"href":"https:\/\/yeniterter.az\/index.php?rest_route=\/wp\/v2\/types\/post"}],"author":[{"embeddable":true,"href":"https:\/\/yeniterter.az\/index.php?rest_route=\/wp\/v2\/users\/2"}],"replies":[{"embeddable":true,"href":"https:\/\/yeniterter.az\/index.php?rest_route=%2Fwp%2Fv2%2Fcomments&post=12899"}],"version-history":[{"count":0,"href":"https:\/\/yeniterter.az\/index.php?rest_route=\/wp\/v2\/posts\/12899\/revisions"}],"wp:attachment":[{"href":"https:\/\/yeniterter.az\/index.php?rest_route=%2Fwp%2Fv2%2Fmedia&parent=12899"}],"wp:term":[{"taxonomy":"category","embeddable":true,"href":"https:\/\/yeniterter.az\/index.php?rest_route=%2Fwp%2Fv2%2Fcategories&post=12899"},{"taxonomy":"post_tag","embeddable":true,"href":"https:\/\/yeniterter.az\/index.php?rest_route=%2Fwp%2Fv2%2Ftags&post=12899"}],"curies":[{"name":"wp","href":"https:\/\/api.w.org\/{rel}","templated":true}]}}