{"id":12891,"date":"2019-06-10T08:58:00","date_gmt":"2019-06-10T05:58:00","guid":{"rendered":"http:\/\/www.yeniterter.az\/?p=12891"},"modified":"2019-06-10T08:58:39","modified_gmt":"2019-06-10T05:58:39","slug":"tarixi-gunl%c9%99r-3","status":"publish","type":"post","link":"https:\/\/yeniterter.az\/?p=12891","title":{"rendered":"Tarixi g\u00fcnl\u0259r"},"content":{"rendered":"<p style=\"text-align: center;\"><em><strong>U\u015eAQLARIN BEYN\u018fLXALQ M\u00dcDAF\u0130\u018fS\u0130 G\u00dcN\u00dc<\/strong><\/em><\/p>\n<p><img decoding=\"async\" loading=\"lazy\" class=\" wp-image-12892 alignleft\" src=\"http:\/\/www.yeniterter.az\/wp-content\/uploads\/df76crr-300x200.jpg\" alt=\"\" width=\"252\" height=\"168\" srcset=\"https:\/\/yeniterter.az\/wp-content\/uploads\/df76crr-300x200.jpg 300w, https:\/\/yeniterter.az\/wp-content\/uploads\/df76crr.jpg 450w\" sizes=\"(max-width: 252px) 100vw, 252px\" \/>BMT Ba\u015f Assambleyas\u0131n\u0131n 1950-ci il iyunun 1-d\u0259 t\u0259\u015fkil etdiyi qad\u0131nlar\u0131n beyn\u0259lxalq konfrans\u0131nda u\u015faq h\u00fcquqlar\u0131n\u0131n t\u0259min edilm\u0259si il\u0259 ba\u011fl\u0131 t\u0259klifl\u0259r s\u0259sl\u0259nib v\u0259 el\u0259 h\u0259min konfransda da iyunun 1-ni u\u015faqlar\u0131n m\u00fcdafi\u0259sin\u0259 h\u0259sr etm\u0259k q\u0259rara al\u0131n\u0131b. Bundan sonra h\u0259min g\u00fcn U\u015faqlar\u0131n Beyn\u0259lxalq M\u00fcdafi\u0259si G\u00fcn\u00fc kimi tarix\u0259 d\u00fc\u015f\u00fcb.<br \/>\nD\u00fcnyan\u0131n \u0259ks\u0259r \u00f6lk\u0259l\u0259rind\u0259 oldu\u011fu kimi, bu g\u00fcn Az\u0259rbaycanda da qeyd edilir. U\u015faqlar Az\u0259rbaycanda \u0259halinin t\u0259xmin\u0259n 30 faizini t\u0259\u015fkil edir.<br \/>\nAz\u0259rbaycanda u\u015faqlar\u0131n m\u00fcdafi\u0259 olunmas\u0131 v\u0259 onlara qay\u011f\u0131 g\u00f6st\u0259rilm\u0259si istiqam\u0259tind\u0259 \u00e7oxsayl\u0131 i\u015fl\u0259r g\u00f6r\u00fcl\u00fcb. U\u015faq h\u00fcquqlar\u0131n\u0131n m\u00fcdafi\u0259si il\u0259 ba\u011fl\u0131 Az\u0259rbaycanda qanunvericilik bazas\u0131 formala\u015f\u0131b, \u201cU\u015faq h\u00fcquqlar\u0131 haqq\u0131nda\u201d qanun v\u0259 b\u0259zi dig\u0259r normativ-h\u00fcquqi aktlar q\u0259bul edilib.<br \/>\nSon ill\u0259r u\u015faqlar\u0131n valideynl\u0259ri t\u0259r\u0259find\u0259n zorak\u0131l\u0131\u011fa m\u0259ruz qalmas\u0131, erk\u0259n ya\u015fda \u0259m\u0259y\u0259 c\u0259lb olunmas\u0131 il\u0259 ba\u011fl\u0131 hallar\u0131n artmas\u0131 da h\u0259y\u0259can yaradan hallardand\u0131r.<br \/>\nRayonumuzda u\u015faq h\u00fcquqlar\u0131n\u0131n m\u00fcdafi\u0259si il\u0259 \u0259laq\u0259dar olaraq bir s\u0131ra t\u0259dbirl\u0259r haz\u0131rlan\u0131b h\u0259yata ke\u00e7irilir. U\u015faqlar\u0131n m\u0259cburi \u0259m\u0259y\u0259 c\u0259lb edilm\u0259si, zorak\u0131l\u0131q hallar\u0131na m\u0259ruz qalmas\u0131, erk\u0259n nikaha c\u0259lb olunmas\u0131 v\u0259 dig\u0259r bu kimi hallara qar\u015f\u0131 ciddi m\u00fcbariz\u0259 apar\u0131l\u0131r, maarifl\u0259ndirm\u0259 i\u015fi g\u00fccl\u0259ndirilir.<br \/>\nU\u015faq t\u0259rbiy\u0259 m\u00fc\u0259ssis\u0259l\u0259rind\u0259, ba\u011f\u00e7alarda, \u00fcmumt\u0259hsil m\u0259kt\u0259bl\u0259rind\u0259 h\u0259r c\u00fcr \u015f\u0259rait yarad\u0131l\u0131r, onlar\u0131n \u0259yl\u0259nc\u0259 v\u0259 istirah\u0259tl\u0259rinin s\u0259m\u0259r\u0259li t\u0259\u015fkili diqq\u0259t m\u0259rk\u0259zind\u0259 saxlan\u0131l\u0131r.<!--more--><br \/>\nSon ill\u0259r bir s\u0131ra yeni k\u00f6rp\u0259l\u0259r evi-u\u015faq ba\u011f\u00e7alar\u0131n\u0131n tikilib istifad\u0259y\u0259 verilm\u0259si, bu m\u0259qs\u0259dl\u0259 istifad\u0259 olunan binalar\u0131n \u0259sasl\u0131 t\u0259mir olunmas\u0131 v\u0259 onlar\u0131n laz\u0131mi avadanl\u0131qlarla t\u0259chiz edilm\u0259si rayon r\u0259hb\u0259rliyinin h\u0259mi\u015f\u0259 \u00f6n\u0259m verdiyi m\u0259s\u0259l\u0259l\u0259rd\u0259ndir.<br \/>\nBu sah\u0259y\u0259 \u00f6lk\u0259 Ba\u015f\u00e7\u0131s\u0131 v\u0259 rayon r\u0259hb\u0259ri s\u0259viyy\u0259sind\u0259 g\u00f6st\u0259ril\u0259n diqq\u0259t v\u0259 qay\u011f\u0131 da u\u015faqlar\u0131n m\u00fcdafi\u0259si \u00fc\u00e7\u00fcn \u0259sas amill\u0259rdir.<\/p>\n<p style=\"text-align: right;\"><em><strong>N\u00fcbar XANLARQIZI<\/strong><\/em><\/p>\n","protected":false},"excerpt":{"rendered":"<p>U\u015eAQLARIN BEYN\u018fLXALQ M\u00dcDAF\u0130\u018fS\u0130 G\u00dcN\u00dc BMT Ba\u015f Assambleyas\u0131n\u0131n 1950-ci il iyunun 1-d\u0259 t\u0259\u015fkil etdiyi qad\u0131nlar\u0131n beyn\u0259lxalq konfrans\u0131nda u\u015faq h\u00fcquqlar\u0131n\u0131n t\u0259min edilm\u0259si il\u0259 ba\u011fl\u0131 t\u0259klifl\u0259r s\u0259sl\u0259nib v\u0259 el\u0259 h\u0259min konfransda da iyunun 1-ni u\u015faqlar\u0131n m\u00fcdafi\u0259sin\u0259 h\u0259sr etm\u0259k q\u0259rara al\u0131n\u0131b. Bundan sonra h\u0259min g\u00fcn U\u015faqlar\u0131n Beyn\u0259lxalq M\u00fcdafi\u0259si G\u00fcn\u00fc kimi tarix\u0259 d\u00fc\u015f\u00fcb. D\u00fcnyan\u0131n \u0259ks\u0259r \u00f6lk\u0259l\u0259rind\u0259 oldu\u011fu kimi, bu g\u00fcn [&hellip;]<\/p>\n","protected":false},"author":2,"featured_media":0,"comment_status":"closed","ping_status":"closed","sticky":false,"template":"","format":"standard","meta":[],"categories":[10],"tags":[],"_links":{"self":[{"href":"https:\/\/yeniterter.az\/index.php?rest_route=\/wp\/v2\/posts\/12891"}],"collection":[{"href":"https:\/\/yeniterter.az\/index.php?rest_route=\/wp\/v2\/posts"}],"about":[{"href":"https:\/\/yeniterter.az\/index.php?rest_route=\/wp\/v2\/types\/post"}],"author":[{"embeddable":true,"href":"https:\/\/yeniterter.az\/index.php?rest_route=\/wp\/v2\/users\/2"}],"replies":[{"embeddable":true,"href":"https:\/\/yeniterter.az\/index.php?rest_route=%2Fwp%2Fv2%2Fcomments&post=12891"}],"version-history":[{"count":0,"href":"https:\/\/yeniterter.az\/index.php?rest_route=\/wp\/v2\/posts\/12891\/revisions"}],"wp:attachment":[{"href":"https:\/\/yeniterter.az\/index.php?rest_route=%2Fwp%2Fv2%2Fmedia&parent=12891"}],"wp:term":[{"taxonomy":"category","embeddable":true,"href":"https:\/\/yeniterter.az\/index.php?rest_route=%2Fwp%2Fv2%2Fcategories&post=12891"},{"taxonomy":"post_tag","embeddable":true,"href":"https:\/\/yeniterter.az\/index.php?rest_route=%2Fwp%2Fv2%2Ftags&post=12891"}],"curies":[{"name":"wp","href":"https:\/\/api.w.org\/{rel}","templated":true}]}}