{"id":12882,"date":"2019-06-10T08:52:38","date_gmt":"2019-06-10T05:52:38","guid":{"rendered":"http:\/\/www.yeniterter.az\/?p=12882"},"modified":"2019-06-10T08:53:19","modified_gmt":"2019-06-10T05:53:19","slug":"beyn%c9%99lxalq-ail%c9%99-gunu-3","status":"publish","type":"post","link":"https:\/\/yeniterter.az\/?p=12882","title":{"rendered":"BEYN\u018fLXALQ A\u0130L\u018f G\u00dcN\u00dc"},"content":{"rendered":"<p><img decoding=\"async\" loading=\"lazy\" class=\"wp-image-12883 alignleft\" src=\"http:\/\/www.yeniterter.az\/wp-content\/uploads\/334-1-300x200.jpg\" alt=\"\" width=\"233\" height=\"155\" srcset=\"https:\/\/yeniterter.az\/wp-content\/uploads\/334-1-300x200.jpg 300w, https:\/\/yeniterter.az\/wp-content\/uploads\/334-1.jpg 334w\" sizes=\"(max-width: 233px) 100vw, 233px\" \/><\/p>\n<p>15 may Birl\u0259\u015fmi\u015f Mill\u0259tl\u0259r T\u0259\u015fkilat\u0131n\u0131n q\u0259rar\u0131 il\u0259 b\u00fct\u00fcn d\u00fcnyada Beyn\u0259lxalq ail\u0259 g\u00fcn\u00fc kimi qeyd olunur. Az\u0259rbaycandaail\u0259 b\u00fct\u00fcn zamanlarda c\u0259miyy\u0259timizin \u0259n m\u00fcq\u0259dd\u0259s t\u0259m\u0259l da\u015f\u0131 hesab olunub.<br \/>\nAz\u0259rbaycan c\u0259miyy\u0259tind\u0259 ail\u0259 h\u0259r zaman m\u00fcq\u0259dd\u0259s say\u0131l\u0131b. Az\u0259rbaycan ail\u0259si v\u0259 onun probleml\u0259rini h\u0259mi\u015f\u0259 diqq\u0259td\u0259 saxlayan ulu \u00f6nd\u0259r Heyd\u0259r \u018fliyev c\u0259miyy\u0259td\u0259 qad\u0131nlar\u0131n rolunun art\u0131r\u0131lmas\u0131, qad\u0131nlarla ki\u015fil\u0259r aras\u0131nda b\u0259rab\u0259rliyin ger\u00e7\u0259kl\u0259\u015fdirilm\u0259si, qad\u0131n, ail\u0259 probleml\u0259rinin h\u0259lli istiqam\u0259tind\u0259 d\u0259 b\u00f6y\u00fck i\u015fl\u0259r g\u00f6rd\u00fc. 1998-ci il yanvar\u0131n 14-d\u0259 Az\u0259rbaycanda &#8220;Qad\u0131n Probleml\u0259ri \u00fczr\u0259 D\u00f6vl\u0259t Komit\u0259si&#8221;ni yaratd\u0131. Bu m\u0259s\u0259l\u0259y\u0259 b\u00f6y\u00fck h\u0259ssasl\u0131qla yana\u015fan Prezident \u0130lham \u018fliyev 2006-c\u0131 il fevral\u0131n 6-da Ail\u0259, Qad\u0131n v\u0259 U\u015faq Probleml\u0259ri \u00fczr\u0259 D\u00f6vl\u0259t Komit\u0259sinin yarad\u0131lmas\u0131 haqq\u0131nda S\u0259r\u0259ncam imzalad\u0131. <!--more--><br \/>\n\u00d6lk\u0259nin Birinci xan\u0131m\u0131, Heyd\u0259r \u018fliyev Fondunun Prezidenti Mehriban \u018fliyevan\u0131n ail\u0259, qad\u0131n v\u0259 u\u015faq m\u0259s\u0259l\u0259l\u0259rin\u0259, bu sah\u0259d\u0259 aktual probleml\u0259r\u0259 h\u0259ssas m\u00fcnasib\u0259ti ail\u0259l\u0259r\u0259 g\u00f6st\u0259ril\u0259n qay\u011f\u0131n\u0131 bir daha t\u0259sdiq edir.<\/p>\n","protected":false},"excerpt":{"rendered":"<p>15 may Birl\u0259\u015fmi\u015f Mill\u0259tl\u0259r T\u0259\u015fkilat\u0131n\u0131n q\u0259rar\u0131 il\u0259 b\u00fct\u00fcn d\u00fcnyada Beyn\u0259lxalq ail\u0259 g\u00fcn\u00fc kimi qeyd olunur. Az\u0259rbaycandaail\u0259 b\u00fct\u00fcn zamanlarda c\u0259miyy\u0259timizin \u0259n m\u00fcq\u0259dd\u0259s t\u0259m\u0259l da\u015f\u0131 hesab olunub. Az\u0259rbaycan c\u0259miyy\u0259tind\u0259 ail\u0259 h\u0259r zaman m\u00fcq\u0259dd\u0259s say\u0131l\u0131b. Az\u0259rbaycan ail\u0259si v\u0259 onun probleml\u0259rini h\u0259mi\u015f\u0259 diqq\u0259td\u0259 saxlayan ulu \u00f6nd\u0259r Heyd\u0259r \u018fliyev c\u0259miyy\u0259td\u0259 qad\u0131nlar\u0131n rolunun art\u0131r\u0131lmas\u0131, qad\u0131nlarla ki\u015fil\u0259r aras\u0131nda b\u0259rab\u0259rliyin ger\u00e7\u0259kl\u0259\u015fdirilm\u0259si, qad\u0131n, ail\u0259 [&hellip;]<\/p>\n","protected":false},"author":2,"featured_media":0,"comment_status":"closed","ping_status":"closed","sticky":false,"template":"","format":"standard","meta":[],"categories":[10],"tags":[],"_links":{"self":[{"href":"https:\/\/yeniterter.az\/index.php?rest_route=\/wp\/v2\/posts\/12882"}],"collection":[{"href":"https:\/\/yeniterter.az\/index.php?rest_route=\/wp\/v2\/posts"}],"about":[{"href":"https:\/\/yeniterter.az\/index.php?rest_route=\/wp\/v2\/types\/post"}],"author":[{"embeddable":true,"href":"https:\/\/yeniterter.az\/index.php?rest_route=\/wp\/v2\/users\/2"}],"replies":[{"embeddable":true,"href":"https:\/\/yeniterter.az\/index.php?rest_route=%2Fwp%2Fv2%2Fcomments&post=12882"}],"version-history":[{"count":0,"href":"https:\/\/yeniterter.az\/index.php?rest_route=\/wp\/v2\/posts\/12882\/revisions"}],"wp:attachment":[{"href":"https:\/\/yeniterter.az\/index.php?rest_route=%2Fwp%2Fv2%2Fmedia&parent=12882"}],"wp:term":[{"taxonomy":"category","embeddable":true,"href":"https:\/\/yeniterter.az\/index.php?rest_route=%2Fwp%2Fv2%2Fcategories&post=12882"},{"taxonomy":"post_tag","embeddable":true,"href":"https:\/\/yeniterter.az\/index.php?rest_route=%2Fwp%2Fv2%2Ftags&post=12882"}],"curies":[{"name":"wp","href":"https:\/\/api.w.org\/{rel}","templated":true}]}}