{"id":12170,"date":"2019-03-19T10:11:44","date_gmt":"2019-03-19T07:11:44","guid":{"rendered":"http:\/\/www.yeniterter.az\/?p=12170"},"modified":"2019-03-19T10:12:14","modified_gmt":"2019-03-19T07:12:14","slug":"olk%c9%99-prezidentin%c9%99-minn%c9%99tdarliq-2","status":"publish","type":"post","link":"https:\/\/yeniterter.az\/?p=12170","title":{"rendered":"\u00d6LK\u018f PREZ\u0130DENT\u0130N\u018f M\u0130NN\u018fTDARLIQ"},"content":{"rendered":"<p><em><strong>\u201cBiz \u0259lav\u0259 g\u0259lirl\u0259ri, ilk n\u00f6vb\u0259d\u0259, v\u0259t\u0259nda\u015flar\u0131n sosial m\u00fcdafi\u0259sin\u0259 y\u00f6n\u0259ltm\u0259liyik. \u00c7\u00fcnki bu, bizim \u00fc\u00e7\u00fcn prioritet m\u0259s\u0259l\u0259dir, v\u0259t\u0259nda\u015flar\u0131n sosial rifah\u0131n\u0131n yax\u015f\u0131la\u015fd\u0131r\u0131lmas\u0131 \u0259n ba\u015fl\u0131ca v\u0259zif\u0259mizdir. Bu istiqam\u0259td\u0259 art\u0131q bir \u00e7ox ciddi add\u0131mlar at\u0131l\u0131b v\u0259 at\u0131lacaq.<\/strong><\/em><br \/>\n<em><strong>Bel\u0259 \u0259h\u0259miyy\u0259tli t\u0259dbirl\u0259rd\u0259n biri minimum \u0259m\u0259k haqq\u0131n\u0131n 38 faiz art\u0131r\u0131lmas\u0131, y\u0259ni 130 manatdan 180 manata \u00e7atd\u0131r\u0131lmas\u0131 oldu. Bu, 600 min n\u0259f\u0259r insan\u0131 \u0259hat\u0259 etdi. Minimum pensiyalar\u0131n m\u0259bl\u0259\u011fi 116 manatdan 160 manata \u00e7atd\u0131r\u0131ld\u0131. Bu da t\u0259xmin\u0259n 38 faiz art\u0131m dem\u0259kdir. Lakin d\u00f6vl\u0259t bunu son h\u0259dd hesab etmir. \u018fm\u0259khaqq\u0131 v\u0259 pensiyalar\u0131n art\u0131r\u0131lmas\u0131 daim g\u00fcnd\u0259md\u0259 saxlanan m\u0259s\u0259l\u0259dir. Bu da g\u00f6st\u0259rir ki, g\u0259l\u0259c\u0259kd\u0259 minimum \u0259m\u0259khaqq\u0131 v\u0259 pensiyalar ard\u0131c\u0131l olaraq art\u0131r\u0131lacaq\u201d<\/strong><\/em><\/p>\n<p style=\"text-align: right;\"><strong>\u0130lham \u018fL\u0130YEV<\/strong><br \/>\n<strong>Az\u0259rbaycan Respublikas\u0131n\u0131n<\/strong><br \/>\n<strong>Prezidenti<\/strong><!--more--><\/p>\n<p>Az\u0259rbaycan Respublikas\u0131n\u0131n Prezidenti \u00f6lk\u0259 v\u0259t\u0259nda\u015flar\u0131n\u0131n sosial rifah\u0131n\u0131 daim diqq\u0259td\u0259 saxlay\u0131r. Bu ilin \u0259vv\u0259lind\u0259n imzalanan ard\u0131c\u0131l s\u0259r\u0259ncamlar bu qay\u011f\u0131n\u0131n parlaq t\u0259zah\u00fcr\u00fcd\u00fcr. \u201c\u018fhalinin sosial m\u00fcdafi\u0259sinin g\u00fccl\u0259ndirilm\u0259si sah\u0259sind\u0259 \u0259lav\u0259 t\u0259dbirl\u0259r haqq\u0131nda\u201d s\u0259r\u0259ncam\u0131 d\u00f6vl\u0259t ba\u015f\u00e7\u0131s\u0131n\u0131n daha bir humanist add\u0131m\u0131d\u0131r. Burada sosial-m\u00fcavin\u0259tl\u0259rin v\u0259 ayl\u0131q t\u0259qa\u00fcdl\u0259rin \u0259h\u0259miyy\u0259tli d\u0259r\u0259c\u0259d\u0259 art\u0131r\u0131lmas\u0131ndan b\u0259hs edir.<br \/>\n\u00d6lk\u0259 r\u0259hb\u0259rinin bu humanist add\u0131m\u0131 bir t\u0259qa\u00fcd\u00e7\u00fc kimi m\u0259ni \u00e7ox sevindirir. Bu o dem\u0259kdir ki, r\u0259hb\u0259rimiz \u00f6z v\u0259t\u0259nda\u015f\u0131n\u0131n g\u00fcz\u0259ran\u0131n\u0131n yax\u015f\u0131la\u015fd\u0131r\u0131lmas\u0131 haqq\u0131nda daim d\u00fc\u015f\u00fcn\u00fcr v\u0259 \u0259m\u0259li i\u015fl\u0259r g\u00f6r\u00fcr. \u0130nan\u0131ram ki, bu art\u0131mlar ail\u0259l\u0259rimizd\u0259 maddi durumun yax\u015f\u0131la\u015fd\u0131r\u0131lmas\u0131na s\u0259b\u0259b olacaqd\u0131r. Bel\u0259 humanist add\u0131m \u00fc\u00e7\u00fcn \u00f6lk\u0259 Prezidenti \u0130lham \u018fliyev\u0259 \u00f6z d\u0259rin t\u0259\u015f\u0259kk\u00fcr\u00fcm\u00fc bildirir\u0259m.<\/p>\n<p style=\"text-align: right;\"><em><strong>M\u0259hiy\u0259ddin K\u018fR\u0130MOV,<\/strong><\/em><br \/>\n<em><strong>\u015f\u0259h\u0259r sakini, t\u0259qa\u00fcd\u00e7\u00fc<\/strong><\/em><\/p>\n<p>&nbsp;<\/p>\n<p>M\u0259lumdur ki, Qaraba\u011f sava\u015f\u0131 ba\u015flayanda Az\u0259rbaycan\u0131n igid o\u011fullar\u0131 v\u0259t\u0259nin m\u00fcdafi\u0259sin\u0259 qalxd\u0131. M\u0259n d\u0259 torpaqlar\u0131m\u0131z\u0131n \u0259razi b\u00fct\u00f6vl\u00fcy\u00fc u\u011frunda sava\u015fa qo\u015fulmaq \u00fc\u00e7\u00fcn \u00f6z\u00fcn\u00fcm\u00fcdafi\u0259 batalyonuna yaz\u0131ld\u0131m. Torpaqlar\u0131m\u0131z\u0131n m\u00fcdafi\u0259sind\u0259 m\u0259nim d\u0259 \u00f6z\u00fcm\u0259m\u0259xsus f\u0259aliyy\u0259tim olub. Bu g\u00fcn rayonumuzun y\u00fczl\u0259rl\u0259 Qaraba\u011f m\u00fcharib\u0259si veteran\u0131 s\u0131ras\u0131nda m\u0259n d\u0259 varam. Bizim h\u0259r birimiz Prezident t\u0259qa\u00fcd\u00fc al\u0131r\u0131q. Daim d\u00f6vl\u0259tin qay\u011f\u0131s\u0131n\u0131 \u00f6z \u00fcz\u0259rimizd\u0259 hiss edirik. Fevral ay\u0131n\u0131n sonlar\u0131nda Prezident \u0130lham \u018fliyevin t\u0259qa\u00fcdl\u0259rin art\u0131r\u0131lmas\u0131 il\u0259 \u0259laq\u0259d\u0259r verdiyi S\u0259r\u0259ncam Qaraba\u011f m\u00fcharib\u0259si qazil\u0259rinin \u00fcr\u0259yinc\u0259 olub. Bu s\u0259r\u0259ncamlar bizim g\u00fcz\u0259ran\u0131m\u0131z\u0131n daha da yax\u015f\u0131la\u015fmas\u0131na s\u0259b\u0259b olacaqd\u0131r v\u0259 bizim V\u0259t\u0259n e\u015fqimizi daha da art\u0131racaqd\u0131r.<br \/>\nB\u00fct\u00fcn bu qay\u011f\u0131 v\u0259 diqq\u0259t\u0259 g\u00f6r\u0259 Prezidentimiz \u0130lham \u018fliyev\u0259 sonsuz minn\u0259tdarl\u0131\u011f\u0131m\u0131 bildirir\u0259m.<\/p>\n<p style=\"text-align: right;\"><strong>R\u00f6v\u015f\u0259n M\u018fMM\u018fDOV,<\/strong><br \/>\n<strong>Qaraba\u011f m\u00fcharib\u0259si veteran\u0131<\/strong><\/p>\n<p>Nicat \u0130sg\u0259nd\u0259rov Aprel d\u00f6y\u00fc\u015fl\u0259ri \u015f\u0259hididir. F\u00fczuli \u0259traf\u0131nda ged\u0259n d\u00f6y\u00fc\u015fl\u0259rd\u0259 q\u0259hr\u0259mancas\u0131na \u015f\u0259hid olub. Ba\u015fqa \u015f\u0259hidl\u0259rimiz kimi o, da he\u00e7 zaman unudulmur. D\u00f6vl\u0259timiz t\u0259r\u0259find\u0259n \u015f\u0259hid ail\u0259l\u0259rin\u0259 daim qay\u011f\u0131 g\u00f6st\u0259rilir. Adlar\u0131 \u0259b\u0259dil\u0259\u015fdirilir. Bir \u015f\u0259hid ail\u0259si kimi d\u00f6vl\u0259tin d\u0259st\u0259yini daim hiss edirik.<br \/>\nSon g\u00fcnl\u0259rd\u0259 \u00f6lk\u0259 Prezidenti \u0130lham \u018fliyevin ard\u0131c\u0131l olaraq imzalad\u0131\u011f\u0131 s\u0259r\u0259ncamlar bizim d\u0259 Prezidentimiz\u0259 olan sevgimizi qat-qat art\u0131r\u0131b. O\u011flumuzu V\u0259t\u0259n u\u011frunda itirs\u0259k d\u0259 q\u00fcrur hissi ke\u00e7iririk. \u00c7\u00fcnki d\u00f6vl\u0259timiz v\u0259 xalq\u0131m\u0131z \u00f6z \u015f\u0259hidini unutmayaraq onun q\u0259hr\u0259manl\u0131\u011f\u0131na sonsuz d\u0259y\u0259r verir. \u015e\u0259hid ail\u0259l\u0259rin\u0259 bitd\u0259f\u0259\u0131ik 11 min manat m\u0259bl\u0259\u011find\u0259 sosial m\u00fcavin\u0259tin verilm\u0259si bu t\u0259b\u0259q\u0259d\u0259n olan insanlarn etiyaclar\u0131n\u0131n \u00f6d\u0259nilm\u0259sin\u0259 \u00f6lk\u0259 ba\u015f\u00e7\u0131s\u0131 t\u0259r\u0259find\u0259n y\u00f6n\u0259lmi\u015f diqq\u0259t v\u0259 qay\u011f\u0131d\u0131r. Biz\u0259 g\u00f6st\u0259ril\u0259n bu diqq\u0259t v\u0259 qay\u011f\u0131ya g\u00f6r\u0259 \u00f6lk\u0259 r\u0259hb\u0259ri \u0130lham \u018fliyev\u0259 v\u0259 \u015f\u0259hid analar\u0131n\u0131n yan\u0131nda olan \u00f6lk\u0259nin birinci vitse-prezidenti Mehriban xan\u0131m \u018fliyevaya \u00f6z minn\u0259tdarl\u0131\u011f\u0131m\u0131 bildirir\u0259m.<\/p>\n<p style=\"text-align: right;\"><strong>Maya \u0130SG\u018fND\u018fROVA,<\/strong><br \/>\n<strong>\u015f\u0259hid anas\u0131,<\/strong><br \/>\n<strong>T\u0259rt\u0259r \u015f\u0259h\u0259ri<\/strong><\/p>\n<p>\u0130nsanlar\u0131n sosial v\u0259ziyy\u0259tinin yax\u015f\u0131la\u015fd\u0131r\u0131lmas\u0131 sah\u0259sind\u0259 at\u0131lan add\u0131mlar m\u0259nim d\u0259 \u00fcr\u0259yimc\u0259 olub. M\u0259n 2-ci qrup Qaraba\u011f m\u00fcharib\u0259si \u0259liliy\u0259m. Qaraba\u011f m\u00fcharib\u0259sind\u0259 m\u0259n d\u0259 d\u00f6y\u00fc\u015f yolda\u015flar\u0131mla birg\u0259 torpaqlar\u0131m\u0131z\u0131n azadl\u0131\u011f\u0131 u\u011frunda f\u0259dakarcas\u0131na d\u00f6y\u00fc\u015fm\u00fc\u015f\u0259m, v\u0259t\u0259n\u0259 layiqinc\u0259 xidm\u0259t etmi\u015f\u0259m.<br \/>\n\u00d6lk\u0259 r\u0259hb\u0259ri, Ali Ba\u015f Komandan \u0130lham \u018fliyev \u015f\u0259hid ail\u0259l\u0259rin\u0259, Qaraba\u011f m\u00fcharib\u0259si \u0259lill\u0259rin\u0259 v\u0259 Qaraba\u011f m\u00fcharib\u0259si veteranlar\u0131na daim diqq\u0259t v\u0259 qay\u011f\u0131 g\u00f6st\u0259rir. Son zamanlarda \u0259halinin sosial m\u00fcdafi\u0259sinin g\u00fccl\u0259ndirilm\u0259si sah\u0259sind\u0259 \u0259lav\u0259 t\u0259dbirl\u0259r haqq\u0131nda imzalanm\u0131\u015f s\u0259r\u0259ncamlar bu qay\u011f\u0131n\u0131n parlaq t\u0259zah\u00fcr\u00fcd\u00fcr. Bu, on minl\u0259rl\u0259 insan\u0131n rifah hal\u0131n\u0131n y\u00fcks\u0259lm\u0259sin\u0259 s\u0259b\u0259b olacaq. Qaraba\u011f m\u00fcharib\u0259si \u0259lili kimi bu maddi v\u0259 m\u0259n\u0259vi d\u0259st\u0259y\u0259 g\u00f6r\u0259 Prezidentimiz \u0130lham \u018fliyev\u0259 \u00f6z minn\u0259tdarl\u0131\u011f\u0131m\u0131 bildirir\u0259m.<\/p>\n<p style=\"text-align: right;\"><strong>Nizami B\u018fRDAR\u0130,<\/strong><br \/>\n<strong>2-ci qrup Qaraba\u011f m\u00fcharib\u0259si \u0259lili<\/strong><\/p>\n<p>Problemli kreditl\u0259rin h\u0259lli il\u0259 ba\u011fl\u0131 \u00f6lk\u0259 ba\u015f\u00e7\u0131s\u0131n\u0131n bu g\u00fcnl\u0259rd\u0259 imzalad\u0131\u011f\u0131 f\u0259rman birinci v\u0259 ikinci devolvasiyalar zaman\u0131 banklardan v\u0259 bank olmayan kredit t\u0259\u015fkilatlar\u0131ndan xarici valyuta il\u0259 10000 AB\u015e dollar\u0131na q\u0259d\u0259r (17000 manat AZN) kredit g\u00f6t\u00fcr\u0259n faizi il\u0259 b\u0259rab\u0259r tam \u00f6d\u0259y\u0259n v\u0259 \u00f6d\u0259y\u0259 bilm\u0259y\u0259n 100 minl\u0259rl\u0259 \u00f6lk\u0259 v\u0259t\u0259nda\u015f\u0131na maddi v\u0259 m\u0259n\u0259vi d\u0259st\u0259k olmu\u015fdur. Bu f\u0259rmandan ir\u0259li g\u0259l\u0259n v\u0259zif\u0259\u0131l\u0259rin icras\u0131na art\u0131q ba\u015flanm\u0131\u015fd\u0131r. B\u00fct\u00fcn prosesl\u0259r elektron qaydada yerin\u0259 yetirildiyind\u0259n v\u0259t\u0259nda\u015flar he\u00e7 bir \u0259ziyy\u0259t \u00e7\u0259km\u0259d\u0259n art\u0131q \u00f6d\u0259dikl\u0259ri faizl\u0259ri geri alacaq v\u0259 borc y\u00fck\u00fcnd\u0259n xilas ola bil\u0259c\u0259kl\u0259r. Bu sah\u0259d\u0259 m\u0259hk\u0259m\u0259l\u0259rd\u0259 v\u0259 icraatda olan 300 mind\u0259n \u00e7ox i\u015f geri qaytar\u0131lacaq. Bu add\u0131m h\u0259m d\u0259 kredit y\u00fck\u00fc olan insanlar\u0131 d\u00fc\u015fd\u00fckl\u0259ri psixoloji g\u0259rginlikd\u0259n xilas ed\u0259c\u0259kdir.<br \/>\nBu xeyirxah add\u0131ma g\u00f6r\u0259 \u00f6lk\u0259mizin Prezidenti c\u0259nab \u0130lham \u018fliyev\u0259 b\u00fct\u00fcn t\u0259rt\u0259rl\u0259r ad\u0131ndan raz\u0131l\u0131\u011f\u0131m\u0131 bildirir\u0259m.<\/p>\n<p style=\"text-align: right;\"><strong>Z\u0259rni\u015fan TANRIVERD\u0130YEVA,<\/strong><br \/>\n<strong>T\u0259rt\u0259r \u015f\u0259h\u0259r sakini<\/strong><\/p>\n","protected":false},"excerpt":{"rendered":"<p>\u201cBiz \u0259lav\u0259 g\u0259lirl\u0259ri, ilk n\u00f6vb\u0259d\u0259, v\u0259t\u0259nda\u015flar\u0131n sosial m\u00fcdafi\u0259sin\u0259 y\u00f6n\u0259ltm\u0259liyik. \u00c7\u00fcnki bu, bizim \u00fc\u00e7\u00fcn prioritet m\u0259s\u0259l\u0259dir, v\u0259t\u0259nda\u015flar\u0131n sosial rifah\u0131n\u0131n yax\u015f\u0131la\u015fd\u0131r\u0131lmas\u0131 \u0259n ba\u015fl\u0131ca v\u0259zif\u0259mizdir. Bu istiqam\u0259td\u0259 art\u0131q bir \u00e7ox ciddi add\u0131mlar at\u0131l\u0131b v\u0259 at\u0131lacaq. Bel\u0259 \u0259h\u0259miyy\u0259tli t\u0259dbirl\u0259rd\u0259n biri minimum \u0259m\u0259k haqq\u0131n\u0131n 38 faiz art\u0131r\u0131lmas\u0131, y\u0259ni 130 manatdan 180 manata \u00e7atd\u0131r\u0131lmas\u0131 oldu. Bu, 600 min n\u0259f\u0259r insan\u0131 \u0259hat\u0259 [&hellip;]<\/p>\n","protected":false},"author":2,"featured_media":0,"comment_status":"closed","ping_status":"closed","sticky":false,"template":"","format":"standard","meta":[],"categories":[10],"tags":[],"_links":{"self":[{"href":"https:\/\/yeniterter.az\/index.php?rest_route=\/wp\/v2\/posts\/12170"}],"collection":[{"href":"https:\/\/yeniterter.az\/index.php?rest_route=\/wp\/v2\/posts"}],"about":[{"href":"https:\/\/yeniterter.az\/index.php?rest_route=\/wp\/v2\/types\/post"}],"author":[{"embeddable":true,"href":"https:\/\/yeniterter.az\/index.php?rest_route=\/wp\/v2\/users\/2"}],"replies":[{"embeddable":true,"href":"https:\/\/yeniterter.az\/index.php?rest_route=%2Fwp%2Fv2%2Fcomments&post=12170"}],"version-history":[{"count":0,"href":"https:\/\/yeniterter.az\/index.php?rest_route=\/wp\/v2\/posts\/12170\/revisions"}],"wp:attachment":[{"href":"https:\/\/yeniterter.az\/index.php?rest_route=%2Fwp%2Fv2%2Fmedia&parent=12170"}],"wp:term":[{"taxonomy":"category","embeddable":true,"href":"https:\/\/yeniterter.az\/index.php?rest_route=%2Fwp%2Fv2%2Fcategories&post=12170"},{"taxonomy":"post_tag","embeddable":true,"href":"https:\/\/yeniterter.az\/index.php?rest_route=%2Fwp%2Fv2%2Ftags&post=12170"}],"curies":[{"name":"wp","href":"https:\/\/api.w.org\/{rel}","templated":true}]}}