{"id":12146,"date":"2019-03-19T09:39:03","date_gmt":"2019-03-19T06:39:03","guid":{"rendered":"http:\/\/www.yeniterter.az\/?p=12146"},"modified":"2019-03-19T11:09:26","modified_gmt":"2019-03-19T08:09:26","slug":"qaraagaci-k%c9%99ndi-qarabag-muharib%c9%99si-ill%c9%99rind%c9%99","status":"publish","type":"post","link":"https:\/\/yeniterter.az\/?p=12146","title":{"rendered":"QARAA\u011eACI K\u018fND\u0130 QARABA\u011e M\u00dcHAR\u0130B\u018fS\u0130 \u0130LL\u018fR\u0130ND\u018f"},"content":{"rendered":"<p><img decoding=\"async\" loading=\"lazy\" class=\" wp-image-12201 alignright\" src=\"http:\/\/www.yeniterter.az\/wp-content\/uploads\/RIH_8823-300x200.jpg\" alt=\"\" width=\"263\" height=\"175\" srcset=\"https:\/\/yeniterter.az\/wp-content\/uploads\/RIH_8823-300x200.jpg 300w, https:\/\/yeniterter.az\/wp-content\/uploads\/RIH_8823-768x512.jpg 768w, https:\/\/yeniterter.az\/wp-content\/uploads\/RIH_8823-1024x683.jpg 1024w\" sizes=\"(max-width: 263px) 100vw, 263px\" \/>Qaraba\u011f m\u00fcharib\u0259sinin ciddi z\u0259rb\u0259 vurdu\u011fu k\u0259ndl\u0259rd\u0259n biri d\u0259 T\u0259rt\u0259r rayonunun Qaraa\u011fac\u0131 k\u0259ndi olub.<br \/>\nQaraa\u011fac\u0131 k\u0259ndi il\u0259 A\u011fd\u0259r\u0259 q\u0259s\u0259b\u0259si aras\u0131nda bir d\u0259n\u0259 d\u0259 olsun tikinti, obyekt yoxdur. K\u0259ndd\u0259n baxanda A\u011fd\u0259r\u0259y\u0259d\u0259k b\u00fct\u00fcn \u0259razi g\u00f6r\u00fcn\u00fcr. Da\u011f\u0131nt\u0131lar\u0131 qalan Seysulan k\u0259ndi il\u0259 Qaraa\u011fac\u0131 k\u0259ndinin aras\u0131 3 km.d\u0259n d\u0259 azd\u0131r. D\u00fc\u015fm\u0259n q\u00fcvv\u0259l\u0259ri il\u0259 bu c\u00fcr yax\u0131n olmas\u0131 s\u0259b\u0259bind\u0259n k\u0259ndimiz, dem\u0259k olar ki, c\u0259bh\u0259 x\u0259ttind\u0259dir. Hadis\u0259l\u0259r ba\u015flayan g\u00fcnd\u0259n k\u0259nd m\u00fcharib\u0259 h\u0259yat\u0131 ya\u015fay\u0131r.<!--more--><br \/>\nD\u00f6y\u00fc\u015fl\u0259rin \u015fidd\u0259tl\u0259ndiyi 1992-ci ild\u0259n indiy\u0259d\u0259k k\u0259nd\u0259 y\u00fczl\u0259rl\u0259 top, tank, raket m\u0259rmil\u0259ri at\u0131l\u0131b, onlarla ev\u0259, tikilil\u0259r\u0259 ziyan d\u0259yib. Qarayev Mehman \u0130lyas o\u011flu T\u0259rt\u0259r \u00d6z\u00fcn\u00fcm\u00fcdafi\u0259 Batalyonunun ilk \u015f\u0259hidl\u0259rind\u0259n biri olub. 1994-c\u00fc il may ay\u0131n\u0131n 12-d\u0259 k\u0259nd\u0259 at\u0131lan top m\u0259rmisi k\u0259ndin ortas\u0131nda oynayan (\u0259g\u0259r buna oynamaq dem\u0259k olarsa!) azya\u015fl\u0131 m\u0259kt\u0259b u\u015faqlar\u0131n\u0131n yan\u0131na d\u00fc\u015f\u00fcb partlam\u0131\u015fd\u0131. N\u0259tic\u0259d\u0259 bir \u015fagirdimiz\u2013 1980-ci il t\u0259v\u0259ll\u00fcdl\u00fc VIII sinifd\u0259 oxuyan Samir V\u0259liyev hadis\u0259 yerind\u0259 h\u0259yat\u0131n\u0131 itirmi\u015f, \u00fc\u00e7 u\u015faq is\u0259 yaralanaraq \u0259lil olmu\u015fdur. K\u0259ndin \u0259kin sah\u0259l\u0259rin\u0259, f\u0259rdi t\u0259s\u0259rr\u00fcfatlara ciddi ziyan d\u0259ymi\u015fdir. K\u0259ndd\u0259 h\u0259min vaxtlar he\u00e7 kim gec\u0259l\u0259r yatm\u0131rd\u0131. Ki\u015fil\u0259r k\u0259ndin \u0259traf\u0131nda postlarda n\u00f6vb\u0259 \u00e7\u0259kirdi. B\u00fct\u00fcn g\u0259rginliy\u0259 baxmayaraq k\u0259ndi he\u00e7 kim t\u0259rk etmir, \u0259ksin\u0259, d\u00f6y\u00fc\u015fl\u0259rin \u015fidd\u0259tl\u0259ndiyi \u0259razil\u0259rd\u0259n g\u0259l\u0259nl\u0259r\u0259 \u00f6z k\u00f6m\u0259klikl\u0259rini g\u00f6st\u0259rirdil\u0259r. H\u0259tta m\u0259kt\u0259bd\u0259 d\u0259rsl\u0259r d\u0259 g\u00fcnd\u0259lik ke\u00e7irildi. 2016-c\u0131 ilin Aprel d\u00f6y\u00fc\u015fl\u0259rind\u0259 d\u0259 k\u0259ndimiz d\u00fc\u015fm\u0259n t\u0259r\u0259find\u0259n \u015fidd\u0259tli at\u0259\u015f\u0259 m\u0259ruz qald\u0131. Onlarla ev\u0259, f\u0259rdi t\u0259s\u0259rr\u00fcfatlara ziyan d\u0259ydi. K\u0259ndimizd\u0259 m\u0259skunla\u015fm\u0131\u015f, A\u011fdam rayonundan olan 22 ya\u015fl\u0131 g\u0259nc h\u0259lak oldu, iki n\u0259f\u0259r \u00f6m\u00fcrl\u00fck \u015fik\u0259st qald\u0131. Lakin q\u00fcdr\u0259tli ordumuza, d\u00f6vl\u0259timiz\u0259 g\u00fcv\u0259n\u0259n sakinl\u0259r yen\u0259 \u00f6z do\u011fma ocaqlar\u0131n\u0131 t\u0259rk etm\u0259dil\u0259r v\u0259 igid \u0259sg\u0259rl\u0259rimizi t\u0259k qoymad\u0131lar. Hal-haz\u0131rda k\u0259ndimizd\u0259n onlarla g\u0259nc Milli ordu s\u0131ralar\u0131nda xidm\u0259t etm\u0259kd\u0259dir. \u0130nan\u0131r\u0131q ki, q\u0259l\u0259b\u0259 uzaqda deyil v\u0259 h\u0259min q\u0259l\u0259b\u0259d\u0259 bizim k\u0259ndin d\u0259 \u00f6z pay\u0131 olacaqd\u0131r.<\/p>\n<p style=\"text-align: right;\"><em><strong>F\u0259rman V\u018fL\u0130YEV,<\/strong><\/em><br \/>\n<em><strong>Qaraba\u011f m\u00fcharib\u0259si veteran\u0131, kapitan. Qaraa\u011fac\u0131 k\u0259nd tam orta m\u0259kt\u0259bin <\/strong><\/em><\/p>\n<p style=\"text-align: right;\"><em><strong>\u00e7a\u011f\u0131r\u0131\u015fa q\u0259d\u0259rki haz\u0131rl\u0131q r\u0259hb\u0259ri<\/strong><\/em><\/p>\n","protected":false},"excerpt":{"rendered":"<p>Qaraba\u011f m\u00fcharib\u0259sinin ciddi z\u0259rb\u0259 vurdu\u011fu k\u0259ndl\u0259rd\u0259n biri d\u0259 T\u0259rt\u0259r rayonunun Qaraa\u011fac\u0131 k\u0259ndi olub. Qaraa\u011fac\u0131 k\u0259ndi il\u0259 A\u011fd\u0259r\u0259 q\u0259s\u0259b\u0259si aras\u0131nda bir d\u0259n\u0259 d\u0259 olsun tikinti, obyekt yoxdur. K\u0259ndd\u0259n baxanda A\u011fd\u0259r\u0259y\u0259d\u0259k b\u00fct\u00fcn \u0259razi g\u00f6r\u00fcn\u00fcr. Da\u011f\u0131nt\u0131lar\u0131 qalan Seysulan k\u0259ndi il\u0259 Qaraa\u011fac\u0131 k\u0259ndinin aras\u0131 3 km.d\u0259n d\u0259 azd\u0131r. D\u00fc\u015fm\u0259n q\u00fcvv\u0259l\u0259ri il\u0259 bu c\u00fcr yax\u0131n olmas\u0131 s\u0259b\u0259bind\u0259n k\u0259ndimiz, dem\u0259k olar [&hellip;]<\/p>\n","protected":false},"author":2,"featured_media":0,"comment_status":"closed","ping_status":"closed","sticky":false,"template":"","format":"standard","meta":[],"categories":[10],"tags":[],"_links":{"self":[{"href":"https:\/\/yeniterter.az\/index.php?rest_route=\/wp\/v2\/posts\/12146"}],"collection":[{"href":"https:\/\/yeniterter.az\/index.php?rest_route=\/wp\/v2\/posts"}],"about":[{"href":"https:\/\/yeniterter.az\/index.php?rest_route=\/wp\/v2\/types\/post"}],"author":[{"embeddable":true,"href":"https:\/\/yeniterter.az\/index.php?rest_route=\/wp\/v2\/users\/2"}],"replies":[{"embeddable":true,"href":"https:\/\/yeniterter.az\/index.php?rest_route=%2Fwp%2Fv2%2Fcomments&post=12146"}],"version-history":[{"count":0,"href":"https:\/\/yeniterter.az\/index.php?rest_route=\/wp\/v2\/posts\/12146\/revisions"}],"wp:attachment":[{"href":"https:\/\/yeniterter.az\/index.php?rest_route=%2Fwp%2Fv2%2Fmedia&parent=12146"}],"wp:term":[{"taxonomy":"category","embeddable":true,"href":"https:\/\/yeniterter.az\/index.php?rest_route=%2Fwp%2Fv2%2Fcategories&post=12146"},{"taxonomy":"post_tag","embeddable":true,"href":"https:\/\/yeniterter.az\/index.php?rest_route=%2Fwp%2Fv2%2Ftags&post=12146"}],"curies":[{"name":"wp","href":"https:\/\/api.w.org\/{rel}","templated":true}]}}