{"id":12075,"date":"2019-03-07T11:27:06","date_gmt":"2019-03-07T08:27:06","guid":{"rendered":"http:\/\/www.yeniterter.az\/?p=12075"},"modified":"2019-03-07T11:27:06","modified_gmt":"2019-03-07T08:27:06","slug":"8-mart-beyn%c9%99lxalq-qadinlar-gunudur","status":"publish","type":"post","link":"https:\/\/yeniterter.az\/?p=12075","title":{"rendered":"8 MART BEYN\u018fLXALQ QADINLAR G\u00dcN\u00dcD\u00dcR"},"content":{"rendered":"<p><img decoding=\"async\" loading=\"lazy\" class=\" wp-image-12051 alignleft\" src=\"http:\/\/www.yeniterter.az\/wp-content\/uploads\/8mart-300x245.jpg\" alt=\"\" width=\"207\" height=\"169\" srcset=\"https:\/\/yeniterter.az\/wp-content\/uploads\/8mart-300x245.jpg 300w, https:\/\/yeniterter.az\/wp-content\/uploads\/8mart-768x626.jpg 768w, https:\/\/yeniterter.az\/wp-content\/uploads\/8mart.jpg 900w\" sizes=\"(max-width: 207px) 100vw, 207px\" \/>Qad\u0131n h\u0259r\u0259kat\u0131n\u0131n tarixi 1857-ci ild\u0259 Nyu-Yorkda qad\u0131nlar\u0131n 12 saatl\u0131q i\u015f g\u00fcn\u00fcn\u0259 etiraz\u0131 il\u0259 ba\u015flay\u0131b. 1910-cu ild\u0259 alman sosialist qad\u0131n Klara Setkin 8 mart\u0131n d\u00fcnya qad\u0131nlar g\u00fcn\u00fc kimi qeyd edilm\u0259sin\u0259 nail olub. 1977-ci il-d\u0259 BMT bu g\u00fcn\u00fc qad\u0131n g\u00fcn\u00fc kimi r\u0259smil\u0259\u015fdirib.<br \/>\nQad\u0131nlar bayram\u0131 Az\u0259rbaycanda da geni\u015f qeyd edilir. 1965-ci ild\u0259n ke\u00e7mi\u015f SSR\u0130-d\u0259 8 Mart-Beyn\u0259lxalq Qad\u0131nlar G\u00fcn\u00fc istirah\u0259t g\u00fcn\u00fc elan olunub. Az\u0259rbaycan m\u00fcst\u0259qillik \u0259ld\u0259 etdikd\u0259n sonra da 8 Mart-Beyn\u0259lxalq Qad\u0131nlar G\u00fcn\u00fc \u00f6lk\u0259d\u0259 qeyri i\u015f g\u00fcn\u00fcd\u00fcr. Az\u0259rbaycan qad\u0131nlar\u0131 art\u0131q c\u0259miyy\u0259tin apa-r\u0131c\u0131 q\u00fcvv\u0259sin\u0259 \u00e7evrilibl\u0259r. Milli \u0259xlaqi d\u0259y\u0259rl\u0259rimiz, ad\u0259t-\u0259n\u0259n\u0259l\u0259rimiz, dilimizin safl\u0131\u011f\u0131 m\u0259hz analar\u0131m\u0131z\u0131n m\u00fcdrikliyi say\u0259sind\u0259 \u00e7\u0259tin v\u0259 m\u00fcr\u0259kk\u0259b d\u00f6vrl\u0259rin s\u0131na\u011f\u0131ndan \u00e7\u0131xa bilib. D\u00fcnyan\u0131n bir \u00e7ox \u00f6lk\u0259l\u0259rinin qad\u0131nlar\u0131ndan \u0259vv\u0259l se\u00e7ib-se\u00e7ilm\u0259k h\u00fcququ \u0259ld\u0259 etm\u0259si, elm, m\u0259d\u0259niyy\u0259t v\u0259 dig\u0259r sah\u0259l\u0259rd\u0259 qazand\u0131\u011f\u0131 u\u011furlar Az\u0259rbaycan qad\u0131n\u0131n\u0131n m\u0259d\u0259ni v\u0259 intellektual potensial\u0131ndan x\u0259b\u0259r verir.<!--more--><br \/>\n\u00d6lk\u0259mizd\u0259 d\u00f6vl\u0259t qad\u0131n siyas\u0259tinin \u0259sas\u0131n\u0131 qoyan \u00fcmummilli lider Heyd\u0259r \u018fliyev \u00f6lk\u0259 h\u0259yat\u0131n\u0131n b\u00fct\u00fcn sah\u0259l\u0259rind\u0259 qad\u0131nlara x\u00fcsusi yer ay\u0131rd\u0131, onlar\u0131n h\u0259rt\u0259r\u0259fli f\u0259aliyy\u0259tin\u0259 geni\u015f meydan verdi. D\u00f6vl\u0259t qad\u0131n siyas\u0259tinin Prezident \u0130lham \u018fliyev t\u0259r\u0259find\u0259n q\u0259tiyy\u0259tl\u0259 davam etdirilm\u0259si say\u0259sind\u0259 Az\u0259rbaycan qad\u0131n\u0131n\u0131n c\u0259miyy\u0259td\u0259 yeri v\u0259 n\u00fcfuzu daha da art\u0131b. \u00d6lk\u0259mizd\u0259 gender siyas\u0259tinin g\u00fccl\u0259ndirilm\u0259si, qad\u0131nlar\u0131n c\u0259miyy\u0259td\u0259 rolunun y\u00fcks\u0259ldilm\u0259si \u00fc\u00e7\u00fcn ard\u0131c\u0131l t\u0259dbirl\u0259r h\u0259yata ke\u00e7irilir. Ail\u0259, Qad\u0131n v\u0259 U\u015faq Probleml\u0259ri \u00fczr\u0259 D\u00f6vl\u0259t Komit\u0259si u\u011furla f\u0259aliyy\u0259t g\u00f6st\u0259rir.<br \/>\nC\u0259bh\u0259 b\u00f6lg\u0259sind\u0259 yerl\u0259\u015f\u0259n T\u0259rt\u0259rin qad\u0131nlar\u0131 da rayonumuzun ictimai-siyasi h\u0259yat\u0131nda f\u0259al rol oynay\u0131r, bir \u00e7ox aktual m\u0259s\u0259l\u0259l\u0259rin h\u0259llind\u0259 \u00f6n c\u0259rg\u0259d\u0259 gedirl\u0259r.<br \/>\nB\u00fct\u00fcn qad\u0131nlar\u0131m\u0131z\u0131 8 Mart Beyn\u0259lxalq Qad\u0131nlar bayram\u0131 m\u00fcnasib\u0259ti il\u0259 t\u0259brik edirik!<\/p>\n<p style=\"text-align: right;\">\n<em><strong>\u201cYeni T\u0259rt\u0259r\u201d<\/strong><\/em><\/p>\n","protected":false},"excerpt":{"rendered":"<p>Qad\u0131n h\u0259r\u0259kat\u0131n\u0131n tarixi 1857-ci ild\u0259 Nyu-Yorkda qad\u0131nlar\u0131n 12 saatl\u0131q i\u015f g\u00fcn\u00fcn\u0259 etiraz\u0131 il\u0259 ba\u015flay\u0131b. 1910-cu ild\u0259 alman sosialist qad\u0131n Klara Setkin 8 mart\u0131n d\u00fcnya qad\u0131nlar g\u00fcn\u00fc kimi qeyd edilm\u0259sin\u0259 nail olub. 1977-ci il-d\u0259 BMT bu g\u00fcn\u00fc qad\u0131n g\u00fcn\u00fc kimi r\u0259smil\u0259\u015fdirib. Qad\u0131nlar bayram\u0131 Az\u0259rbaycanda da geni\u015f qeyd edilir. 1965-ci ild\u0259n ke\u00e7mi\u015f SSR\u0130-d\u0259 8 Mart-Beyn\u0259lxalq Qad\u0131nlar G\u00fcn\u00fc [&hellip;]<\/p>\n","protected":false},"author":2,"featured_media":0,"comment_status":"closed","ping_status":"closed","sticky":false,"template":"","format":"standard","meta":[],"categories":[10],"tags":[],"_links":{"self":[{"href":"https:\/\/yeniterter.az\/index.php?rest_route=\/wp\/v2\/posts\/12075"}],"collection":[{"href":"https:\/\/yeniterter.az\/index.php?rest_route=\/wp\/v2\/posts"}],"about":[{"href":"https:\/\/yeniterter.az\/index.php?rest_route=\/wp\/v2\/types\/post"}],"author":[{"embeddable":true,"href":"https:\/\/yeniterter.az\/index.php?rest_route=\/wp\/v2\/users\/2"}],"replies":[{"embeddable":true,"href":"https:\/\/yeniterter.az\/index.php?rest_route=%2Fwp%2Fv2%2Fcomments&post=12075"}],"version-history":[{"count":0,"href":"https:\/\/yeniterter.az\/index.php?rest_route=\/wp\/v2\/posts\/12075\/revisions"}],"wp:attachment":[{"href":"https:\/\/yeniterter.az\/index.php?rest_route=%2Fwp%2Fv2%2Fmedia&parent=12075"}],"wp:term":[{"taxonomy":"category","embeddable":true,"href":"https:\/\/yeniterter.az\/index.php?rest_route=%2Fwp%2Fv2%2Fcategories&post=12075"},{"taxonomy":"post_tag","embeddable":true,"href":"https:\/\/yeniterter.az\/index.php?rest_route=%2Fwp%2Fv2%2Ftags&post=12075"}],"curies":[{"name":"wp","href":"https:\/\/api.w.org\/{rel}","templated":true}]}}