{"id":11982,"date":"2019-03-07T08:41:38","date_gmt":"2019-03-07T05:41:38","guid":{"rendered":"http:\/\/www.yeniterter.az\/?p=11982"},"modified":"2019-03-07T12:30:31","modified_gmt":"2019-03-07T09:30:31","slug":"bala-kirpinin-atmacalari","status":"publish","type":"post","link":"https:\/\/yeniterter.az\/?p=11982","title":{"rendered":"\u201cBALA K\u0130RP\u0130\u201dnin  ATMACALARI"},"content":{"rendered":"<p><img decoding=\"async\" loading=\"lazy\" class=\" wp-image-11983 alignleft\" src=\"http:\/\/www.yeniterter.az\/wp-content\/uploads\/222-2-229x300.jpg\" alt=\"\" width=\"112\" height=\"147\" \/>\u2013Son d\u0259bl\u0259r haqq\u0131nda n\u0259 dey\u0259 bil\u0259rsiniz?<br \/>\n\u2013El\u0259 geyinirl\u0259r ki, arxadan arvadla ki\u015fi se\u00e7ilmir. Cavan q\u0131zlar bir yana, b\u0259z\u0259n ya\u015fl\u0131 qad\u0131nlar\u0131n dar \u015falvarlardan v\u0259 h\u0259r yeri a\u00e7\u0131q k\u00f6yn\u0259kl\u0259rd\u0259n g\u00f6r\u00fcn\u0259n \u0259zalar\u0131 az qal\u0131r adam\u0131n g\u00f6z\u00fcn\u0259 girsin. Onlar\u0131n \u0259v\u0259zin\u0259 adam\u0131n \u00f6z\u00fc utan\u0131r.<br \/>\n* * *<br \/>\n\u2013Rayonumuzun bu m\u0259rk\u0259zi bazar\u0131 var ha, bilmirs\u0259n orda v\u0259ziyy\u0259t n\u0259 vaxt d\u00fcz\u0259l\u0259c\u0259k?<br \/>\n\u2013Oran\u0131n m\u00fcdiri insafa g\u0259l\u0259nd\u0259. Bir d\u0259 a\u011fz\u0131nda \u201cbazar\u201d deyirs\u0259n, orada v\u0259ziyy\u0259t d\u00fcz\u0259ls\u0259, onda bazar olmaz ki!..<!--more--><br \/>\n* * *<br \/>\n\u2013\u015e\u0259h\u0259rd\u0259 n\u0259 vaxt n\u0259qliyyat intizam\u0131 yaranacaq?<br \/>\n\u2013QA\u0130-\u015fnikl\u0259rin s\u00fcr\u00fcc\u00fcl\u0259rl\u0259 \u201c\u0259lbirliyi\u201dn\u0259 son qoyulanda. Yoxsa bu h\u0259rki-h\u0259rkin\u0259lik h\u0259l\u0259 \u00e7ox q\u0259zalara s\u0259b\u0259b olacaq, h\u0259l\u0259 \u00e7ox \u0259s\u0259b oynadacaq.<br \/>\n* * *<br \/>\n\u2013Al\u0131\u015fveri\u015f yerl\u0259rind\u0259 qiym\u0259t v\u0259 keyfiyy\u0259t n\u0259 vaxt d\u00fcz\u0259l\u0259c\u0259k?<br \/>\n\u2013He\u00e7 vaxt. \u00c7\u00fcnki azad bazar iqtisadiyyat\u0131d\u0131r. Birind\u0259n xo\u015fun g\u0259lmir, get o birind\u0259n al. Bel\u0259 bo\u015f-bo\u015f \u015feyl\u0259r dan\u0131\u015f\u0131b, z\u0259hl\u0259 t\u00f6km\u0259yin.!<\/p>\n","protected":false},"excerpt":{"rendered":"<p>\u2013Son d\u0259bl\u0259r haqq\u0131nda n\u0259 dey\u0259 bil\u0259rsiniz? \u2013El\u0259 geyinirl\u0259r ki, arxadan arvadla ki\u015fi se\u00e7ilmir. Cavan q\u0131zlar bir yana, b\u0259z\u0259n ya\u015fl\u0131 qad\u0131nlar\u0131n dar \u015falvarlardan v\u0259 h\u0259r yeri a\u00e7\u0131q k\u00f6yn\u0259kl\u0259rd\u0259n g\u00f6r\u00fcn\u0259n \u0259zalar\u0131 az qal\u0131r adam\u0131n g\u00f6z\u00fcn\u0259 girsin. Onlar\u0131n \u0259v\u0259zin\u0259 adam\u0131n \u00f6z\u00fc utan\u0131r. * * * \u2013Rayonumuzun bu m\u0259rk\u0259zi bazar\u0131 var ha, bilmirs\u0259n orda v\u0259ziyy\u0259t n\u0259 vaxt d\u00fcz\u0259l\u0259c\u0259k? \u2013Oran\u0131n [&hellip;]<\/p>\n","protected":false},"author":2,"featured_media":0,"comment_status":"closed","ping_status":"closed","sticky":false,"template":"","format":"standard","meta":[],"categories":[10],"tags":[20],"_links":{"self":[{"href":"https:\/\/yeniterter.az\/index.php?rest_route=\/wp\/v2\/posts\/11982"}],"collection":[{"href":"https:\/\/yeniterter.az\/index.php?rest_route=\/wp\/v2\/posts"}],"about":[{"href":"https:\/\/yeniterter.az\/index.php?rest_route=\/wp\/v2\/types\/post"}],"author":[{"embeddable":true,"href":"https:\/\/yeniterter.az\/index.php?rest_route=\/wp\/v2\/users\/2"}],"replies":[{"embeddable":true,"href":"https:\/\/yeniterter.az\/index.php?rest_route=%2Fwp%2Fv2%2Fcomments&post=11982"}],"version-history":[{"count":0,"href":"https:\/\/yeniterter.az\/index.php?rest_route=\/wp\/v2\/posts\/11982\/revisions"}],"wp:attachment":[{"href":"https:\/\/yeniterter.az\/index.php?rest_route=%2Fwp%2Fv2%2Fmedia&parent=11982"}],"wp:term":[{"taxonomy":"category","embeddable":true,"href":"https:\/\/yeniterter.az\/index.php?rest_route=%2Fwp%2Fv2%2Fcategories&post=11982"},{"taxonomy":"post_tag","embeddable":true,"href":"https:\/\/yeniterter.az\/index.php?rest_route=%2Fwp%2Fv2%2Ftags&post=11982"}],"curies":[{"name":"wp","href":"https:\/\/api.w.org\/{rel}","templated":true}]}}