{"id":11611,"date":"2019-01-30T10:26:42","date_gmt":"2019-01-30T07:26:42","guid":{"rendered":"http:\/\/www.yeniterter.az\/?p=11611"},"modified":"2019-01-30T10:28:40","modified_gmt":"2019-01-30T07:28:40","slug":"20-yanvar-umumxalq-huzn-gunudur-2","status":"publish","type":"post","link":"https:\/\/yeniterter.az\/?p=11611","title":{"rendered":"20 YANVAR \u00dcMUMXALQ H\u00dcZN G\u00dcN\u00dcD\u00dcR"},"content":{"rendered":"<p><img decoding=\"async\" loading=\"lazy\" class=\" wp-image-11612 alignleft\" src=\"http:\/\/www.yeniterter.az\/wp-content\/uploads\/14848976033568461116_1000x669-300x205.jpg\" alt=\"\" width=\"450\" height=\"307\" srcset=\"https:\/\/yeniterter.az\/wp-content\/uploads\/14848976033568461116_1000x669-300x205.jpg 300w, https:\/\/yeniterter.az\/wp-content\/uploads\/14848976033568461116_1000x669-768x525.jpg 768w, https:\/\/yeniterter.az\/wp-content\/uploads\/14848976033568461116_1000x669.jpg 979w\" sizes=\"(max-width: 450px) 100vw, 450px\" \/><em><strong>Az\u0259rbaycan xalq\u0131 bu g\u00fcn\u00fc he\u00e7 vaxt yaddan \u00e7\u0131xarmayacaq v\u0259 g\u0259l\u0259c\u0259kd\u0259 d\u0259 h\u0259r il bu g\u00fcn qeyd olunmal\u0131d\u0131r. Azadl\u0131q, m\u00fcst\u0259qillik u\u011frunda, V\u0259t\u0259n u\u011frunda \u00f6zl\u0259rini qurban ver\u0259n \u015f\u0259hidl\u0259rimizin ham\u0131s\u0131n\u0131n xatir\u0259sini h\u0259mi\u015f\u0259 q\u0259lbimizd\u0259 ya\u015fatmal\u0131y\u0131q.<\/strong><\/em><\/p>\n<p style=\"text-align: right;\"><strong>\u0130lham \u018fliyev <\/strong><br \/>\n<strong>Az\u0259rbaycan Respublikas\u0131n\u0131n Prezidenti<\/strong><\/p>\n","protected":false},"excerpt":{"rendered":"<p>Az\u0259rbaycan xalq\u0131 bu g\u00fcn\u00fc he\u00e7 vaxt yaddan \u00e7\u0131xarmayacaq v\u0259 g\u0259l\u0259c\u0259kd\u0259 d\u0259 h\u0259r il bu g\u00fcn qeyd olunmal\u0131d\u0131r. Azadl\u0131q, m\u00fcst\u0259qillik u\u011frunda, V\u0259t\u0259n u\u011frunda \u00f6zl\u0259rini qurban ver\u0259n \u015f\u0259hidl\u0259rimizin ham\u0131s\u0131n\u0131n xatir\u0259sini h\u0259mi\u015f\u0259 q\u0259lbimizd\u0259 ya\u015fatmal\u0131y\u0131q. \u0130lham \u018fliyev Az\u0259rbaycan Respublikas\u0131n\u0131n Prezidenti<\/p>\n","protected":false},"author":2,"featured_media":0,"comment_status":"closed","ping_status":"closed","sticky":false,"template":"","format":"standard","meta":[],"categories":[10],"tags":[20],"_links":{"self":[{"href":"https:\/\/yeniterter.az\/index.php?rest_route=\/wp\/v2\/posts\/11611"}],"collection":[{"href":"https:\/\/yeniterter.az\/index.php?rest_route=\/wp\/v2\/posts"}],"about":[{"href":"https:\/\/yeniterter.az\/index.php?rest_route=\/wp\/v2\/types\/post"}],"author":[{"embeddable":true,"href":"https:\/\/yeniterter.az\/index.php?rest_route=\/wp\/v2\/users\/2"}],"replies":[{"embeddable":true,"href":"https:\/\/yeniterter.az\/index.php?rest_route=%2Fwp%2Fv2%2Fcomments&post=11611"}],"version-history":[{"count":0,"href":"https:\/\/yeniterter.az\/index.php?rest_route=\/wp\/v2\/posts\/11611\/revisions"}],"wp:attachment":[{"href":"https:\/\/yeniterter.az\/index.php?rest_route=%2Fwp%2Fv2%2Fmedia&parent=11611"}],"wp:term":[{"taxonomy":"category","embeddable":true,"href":"https:\/\/yeniterter.az\/index.php?rest_route=%2Fwp%2Fv2%2Fcategories&post=11611"},{"taxonomy":"post_tag","embeddable":true,"href":"https:\/\/yeniterter.az\/index.php?rest_route=%2Fwp%2Fv2%2Ftags&post=11611"}],"curies":[{"name":"wp","href":"https:\/\/api.w.org\/{rel}","templated":true}]}}