{"id":11602,"date":"2019-01-30T10:13:45","date_gmt":"2019-01-30T07:13:45","guid":{"rendered":"http:\/\/www.yeniterter.az\/?p=11602"},"modified":"2019-01-30T10:13:45","modified_gmt":"2019-01-30T07:13:45","slug":"20-yanvar-faci%c9%99si","status":"publish","type":"post","link":"https:\/\/yeniterter.az\/?p=11602","title":{"rendered":"20 YANVAR FAC\u0130\u018fS\u0130"},"content":{"rendered":"<p><em><strong>\u015e\u018fH\u0130DL\u018fR QEYR\u018fT SALNAM\u018fS\u0130D\u0130R<\/strong><\/em><\/p>\n<p>Deyirl\u0259r ki, h\u0259r qaranl\u0131q gec\u0259nin bir i\u015f\u0131ql\u0131 sabah\u0131 var. Lakin 1990-c\u0131 il yanvar\u0131n 19-dan 20-n\u0259 ke\u00e7\u0259n gec\u0259 Bak\u0131 s\u0259h\u0259rini i\u015f\u0131ql\u0131 sabaha deyil, qanl\u0131 sabaha a\u00e7d\u0131.<br \/>\nH\u0259min gec\u0259 Az\u0259rbaycan xalq\u0131n\u0131n tarixin\u0259 h\u0259m qara, h\u0259m d\u0259 \u015fanl\u0131 h\u0259rfl\u0259rl\u0259 yaz\u0131ld\u0131.<br \/>\nAna V\u0259t\u0259nim, Az\u0259rbaycan! S\u0259n alovlardan, odlardan ke\u00e7ib, odlar diyar\u0131 kimi tarix\u0259 d\u00fc\u015fd\u00fcn. S\u0259nin h\u0259r qar\u0131\u015f torpa\u011f\u0131nda, h\u0259r da\u015f\u0131nda Bab\u0259k v\u00fcqar\u0131, N\u0259simi m\u0259tan\u0259ti, Koro\u011flu m\u0259rdliyi g\u00f6r\u00fcn\u00fcr.<br \/>\n20 Yanvar gec\u0259si&#8230; H\u0259min gec\u0259 XI Q\u0131z\u0131l Ordu qo\u015funlar\u0131 Bak\u0131 \u015f\u0259h\u0259rini al qan\u0131na boyad\u0131. N\u0259 b\u00f6y\u00fck v\u0259h\u015filik, n\u0259 b\u00f6y\u00fck d\u0259h\u015f\u0259t, ilahi! H\u0259min gec\u0259 qoca da, x\u0259st\u0259 d\u0259, k\u00f6rp\u0259 d\u0259 amans\u0131z d\u00fc\u015fm\u0259nin g\u00fcll\u0259sin\u0259 tu\u015f g\u0259ldi. H\u0259min gec\u0259nin d\u0259h\u015f\u0259tl\u0259ri n\u0259 g\u00f6y\u0259 s\u0131\u011fd\u0131, n\u0259 d\u0259 yer\u0259, ilahi!<!--more--><br \/>\nQanl\u0131 20 Yanvar gec\u0259si xalq\u0131m\u0131z\u0131n Koro\u011flu qeyr\u0259tli o\u011fullar\u0131, Nigar ism\u0259tli q\u0131zlar\u0131 V\u0259t\u0259nimiz Az\u0259rbaycan\u0131n azadl\u0131\u011f\u0131, m\u00fcst\u0259qilliyi yolunda \u00f6z canlar\u0131ndan ke\u00e7\u0259r\u0259k Az\u0259rbaycan\u0131n tarixind\u0259 \u015fanl\u0131 s\u0259hif\u0259 a\u00e7d\u0131lar.<br \/>\n<em><strong>V\u0259t\u0259n torpa\u011f\u0131n\u0131n ucal\u0131\u011f\u0131nda, <\/strong><\/em><br \/>\n<em><strong>Mill\u0259tin q\u0259lbind\u0259 qald\u0131 \u015f\u0259hidl\u0259r!<\/strong><\/em><br \/>\n<em><strong>\u00d6l\u00fcm\u00fcn g\u00f6z\u00fcn\u0259 dik baxa-baxa,<\/strong><\/em><br \/>\n<em><strong>\u00d6l\u00fcm\u0259 q\u0259l\u0259b\u0259 \u00e7ald\u0131 \u015f\u0259hidl\u0259r!<\/strong><\/em><br \/>\n\u015e\u0259hidl\u0259r\u2013d\u00fcn\u0259nimizin q\u0259hr\u0259manl\u0131q simvolu, bu g\u00fcn\u00fcm\u00fcz\u00fcn qeyr\u0259t salnam\u0259si, sabah\u0131m\u0131z\u0131n \u0259b\u0259di \u00f6rn\u0259k t\u0259msil\u00e7il\u0259ridir.<br \/>\n\u015e\u0259hidl\u0259r\u2013qaranl\u0131q ke\u00e7mi\u015fimizd\u0259n i\u015f\u0131ql\u0131 sabah\u0131m\u0131za boylanan azadl\u0131q p\u00f6hr\u0259l\u0259ri, y\u00fcks\u0259li\u015f\u0259, ucal\u0131\u011fa can atan q\u0259lb d\u00fcnyam\u0131zd\u0131r.<br \/>\n\u015e\u0259hidl\u0259r\u2013m\u00fcq\u0259dd\u0259s and yerimiz olan \u201c\u015e\u0259hidl\u0259r Xiyaban\u0131\u201dn\u0131n zin\u0259ti, \u0259b\u0259di lakin ya\u015far sakinl\u0259ridir. Onlar bizim tariximizdirl\u0259r.<br \/>\nBu g\u00fcn Bak\u0131n\u0131n \u201cDa\u011f\u00fcst\u00fc park\u0131\u201dnda m\u00f6ht\u0259\u015f\u0259m bir yerd\u0259 \u0259b\u0259di bir m\u0259\u015f\u0259l yan\u0131r. Bu m\u0259\u015f\u0259l can\u0131n\u0131 V\u0259t\u0259n yolunda qurban ver\u0259r\u0259k \u201c\u015e\u0259hidl\u0259r Xiyaban\u0131\u201dnda uyuyan \u015f\u0259hid q\u0259hr\u0259manlar\u0131m\u0131z\u0131n \u0259b\u0259di ruhu, \u0259b\u0259di xatir\u0259sidir. Biz d\u0259 bu \u0259b\u0259di ruhun, \u0259b\u0259di xatir\u0259nin \u00f6n\u00fcnd\u0259 ba\u015f \u0259yirik.<br \/>\nB\u0259li, \u00f6l\u00fcml\u0259ri il\u0259 \u00f6l\u00fcms\u00fczl\u00fcy\u0259 qovu\u015fan \u015f\u0259hidl\u0259rimiz he\u00e7 bir zaman unudulmayacaq. H\u0259r il xalq\u0131m\u0131z 20 Yanvar g\u00fcn\u00fcn\u00fc \u201c\u00dcmumxalq H\u00fczn g\u00fcn\u00fc\u201d kimi qeyd edir. M\u0259nim m\u00fc\u0259llim i\u015fl\u0259diyim Aslan K\u0259rimov ad\u0131na 3 n\u00f6mr\u0259li \u00fcmumi orta m\u0259kt\u0259bd\u0259 d\u0259 \u015fagird v\u0259 m\u00fc\u0259llim kollektivi t\u0259r\u0259find\u0259n \u201cQanl\u0131 20 Yanvar\u201d faci\u0259sin\u0259 h\u0259sr olunmu\u015f t\u0259dbir ke\u00e7irilir. Allah b\u00fct\u00fcn \u015f\u0259hidl\u0259rimiz\u0259 r\u0259hm\u0259t el\u0259sin!<\/p>\n<p style=\"text-align: right;\">\n<em><strong>Sevil \u0130SMAYILOVA,<\/strong><\/em><br \/>\n<em><strong>3 sayl\u0131 \u00fcmumi orta m\u0259kt\u0259bin m\u00fc\u0259llimi<\/strong><\/em><\/p>\n","protected":false},"excerpt":{"rendered":"<p>\u015e\u018fH\u0130DL\u018fR QEYR\u018fT SALNAM\u018fS\u0130D\u0130R Deyirl\u0259r ki, h\u0259r qaranl\u0131q gec\u0259nin bir i\u015f\u0131ql\u0131 sabah\u0131 var. Lakin 1990-c\u0131 il yanvar\u0131n 19-dan 20-n\u0259 ke\u00e7\u0259n gec\u0259 Bak\u0131 s\u0259h\u0259rini i\u015f\u0131ql\u0131 sabaha deyil, qanl\u0131 sabaha a\u00e7d\u0131. H\u0259min gec\u0259 Az\u0259rbaycan xalq\u0131n\u0131n tarixin\u0259 h\u0259m qara, h\u0259m d\u0259 \u015fanl\u0131 h\u0259rfl\u0259rl\u0259 yaz\u0131ld\u0131. Ana V\u0259t\u0259nim, Az\u0259rbaycan! S\u0259n alovlardan, odlardan ke\u00e7ib, odlar diyar\u0131 kimi tarix\u0259 d\u00fc\u015fd\u00fcn. S\u0259nin h\u0259r qar\u0131\u015f [&hellip;]<\/p>\n","protected":false},"author":2,"featured_media":0,"comment_status":"closed","ping_status":"closed","sticky":false,"template":"","format":"standard","meta":[],"categories":[10],"tags":[20],"_links":{"self":[{"href":"https:\/\/yeniterter.az\/index.php?rest_route=\/wp\/v2\/posts\/11602"}],"collection":[{"href":"https:\/\/yeniterter.az\/index.php?rest_route=\/wp\/v2\/posts"}],"about":[{"href":"https:\/\/yeniterter.az\/index.php?rest_route=\/wp\/v2\/types\/post"}],"author":[{"embeddable":true,"href":"https:\/\/yeniterter.az\/index.php?rest_route=\/wp\/v2\/users\/2"}],"replies":[{"embeddable":true,"href":"https:\/\/yeniterter.az\/index.php?rest_route=%2Fwp%2Fv2%2Fcomments&post=11602"}],"version-history":[{"count":0,"href":"https:\/\/yeniterter.az\/index.php?rest_route=\/wp\/v2\/posts\/11602\/revisions"}],"wp:attachment":[{"href":"https:\/\/yeniterter.az\/index.php?rest_route=%2Fwp%2Fv2%2Fmedia&parent=11602"}],"wp:term":[{"taxonomy":"category","embeddable":true,"href":"https:\/\/yeniterter.az\/index.php?rest_route=%2Fwp%2Fv2%2Fcategories&post=11602"},{"taxonomy":"post_tag","embeddable":true,"href":"https:\/\/yeniterter.az\/index.php?rest_route=%2Fwp%2Fv2%2Ftags&post=11602"}],"curies":[{"name":"wp","href":"https:\/\/api.w.org\/{rel}","templated":true}]}}