{"id":11550,"date":"2019-01-30T09:35:43","date_gmt":"2019-01-30T06:35:43","guid":{"rendered":"http:\/\/www.yeniterter.az\/?p=11550"},"modified":"2019-01-30T09:40:30","modified_gmt":"2019-01-30T06:40:30","slug":"t%c9%99rt%c9%99r-qarabag-muharib%c9%99si-ill%c9%99rind%c9%99","status":"publish","type":"post","link":"https:\/\/yeniterter.az\/?p=11550","title":{"rendered":"T\u018fRT\u018fR  QARABA\u011e  M\u00dcHAR\u0130B\u018fS\u0130  \u0130LL\u018fR\u0130ND\u018f"},"content":{"rendered":"<p><img decoding=\"async\" loading=\"lazy\" class=\" wp-image-11551 alignleft\" src=\"http:\/\/www.yeniterter.az\/wp-content\/uploads\/01-41.jpg\" alt=\"\" width=\"122\" height=\"153\" \/><img decoding=\"async\" loading=\"lazy\" class=\" wp-image-11552 alignleft\" src=\"http:\/\/www.yeniterter.az\/wp-content\/uploads\/02-24.jpg\" alt=\"\" width=\"124\" height=\"155\" \/><img decoding=\"async\" loading=\"lazy\" class=\"wp-image-11553 alignleft\" src=\"http:\/\/www.yeniterter.az\/wp-content\/uploads\/03-22.jpg\" alt=\"\" width=\"129\" height=\"153\" \/><img decoding=\"async\" loading=\"lazy\" class=\" wp-image-11554 alignleft\" src=\"http:\/\/www.yeniterter.az\/wp-content\/uploads\/15894244_327608524306286_5443531735697111870_n-300x300.jpg\" alt=\"\" width=\"154\" height=\"154\" srcset=\"https:\/\/yeniterter.az\/wp-content\/uploads\/15894244_327608524306286_5443531735697111870_n-300x300.jpg 300w, https:\/\/yeniterter.az\/wp-content\/uploads\/15894244_327608524306286_5443531735697111870_n-150x150.jpg 150w, https:\/\/yeniterter.az\/wp-content\/uploads\/15894244_327608524306286_5443531735697111870_n.jpg 720w\" sizes=\"(max-width: 154px) 100vw, 154px\" \/><img decoding=\"async\" loading=\"lazy\" class=\"wp-image-11555 alignnone\" src=\"http:\/\/www.yeniterter.az\/wp-content\/uploads\/IMG_20181116_142410-200x300.jpg\" alt=\"\" width=\"104\" height=\"156\" srcset=\"https:\/\/yeniterter.az\/wp-content\/uploads\/IMG_20181116_142410-200x300.jpg 200w, https:\/\/yeniterter.az\/wp-content\/uploads\/IMG_20181116_142410.jpg 300w\" sizes=\"(max-width: 104px) 100vw, 104px\" \/><\/p>\n<p>T\u0259rt\u0259r rayonu Az\u0259rbaycan\u0131n Qaraba\u011f b\u00f6lg\u0259sind\u0259 yerl\u0259\u015fir. Do\u011fma \u015f\u0259h\u0259rim iqlimin\u0259 v\u0259 co\u011frafi m\u00f6vqeyin\u0259 g\u00f6r\u0259 \u00f6lk\u0259mizin \u0259n s\u0259fal\u0131 gu\u015f\u0259l\u0259rind\u0259n biridir.<br \/>\nTale el\u0259 g\u0259tirib ki, xain erm\u0259nil\u0259r bu torpaqlarda biziml\u0259 zaman-zaman birg\u0259 ya\u015fay\u0131blar. Ulu babalar\u0131m\u0131z ya\u015famaq \u00fc\u00e7\u00fcn onlara torpaqlar\u0131m\u0131zda s\u0131\u011f\u0131nacaq veribl\u0259r. Murdar erm\u0259nil\u0259r \u00f6zl\u0259rinin yerl\u0259rini rahatlayandan sonra g\u00f6zl\u0259rini b\u0259r\u0259k\u0259tli torpaqlar\u0131m\u0131za, yeralt\u0131 v\u0259 yer\u00fcst\u00fc s\u0259rv\u0259tl\u0259rimiz\u0259 dikibl\u0259r.<!--more--><br \/>\nOnlar 1988-ci ild\u0259n havadarlar\u0131n\u0131n k\u00f6m\u0259yi il\u0259 \u00f6z m\u0259krli niyy\u0259tl\u0259rini yenid\u0259n h\u0259yata ke\u00e7irm\u0259y\u0259 ba\u015flad\u0131lar. D\u00fczd\u00fcr, torpaqlar\u0131m\u0131z\u0131n 20 faizini i\u015f\u011fal edibl\u0259r, ancaq bizim T\u0259rt\u0259r rayonunun bir k\u0259ndini d\u0259 olsa bel\u0259 ala bilm\u0259dil\u0259r. Bu, igid o\u011fullar\u0131m\u0131z\u0131n qan\u0131 bahas\u0131na ba\u015fa g\u0259ldi. T\u0259rt\u0259rd\u0259ki m\u0259rd, qorxmaz, \u015fir\u00fcr\u0259kli o\u011flanlar\u0131m\u0131z murdar erm\u0259nil\u0259rin ayaqlar\u0131n\u0131n torpaqlar\u0131m\u0131za toxunmas\u0131na imkan verm\u0259dil\u0259r.<br \/>\nM\u00fcharib\u0259 zaman\u0131 do\u011fma yurdumuzun y\u00fczl\u0259rl\u0259 igid o\u011flu q\u0259hr\u0259mancas\u0131na \u015f\u0259hid oldu. \u00dc\u00e7 \u015f\u0259hidimiz\u0259 \u201cAz\u0259rbaycan\u0131n Milli Q\u0259hr\u0259man\u0131\u201d ad\u0131 verildi: V\u0259zir Orucov, Elman H\u00fcseynov v\u0259 F\u00fczuli R\u00fcst\u0259mov.<br \/>\nElman H\u00fcseynovun b\u00fcst\u00fc onun ad\u0131n\u0131 da\u015f\u0131yan k\u00fc\u00e7\u0259d\u0259, V\u0259zir Orucovun da\u015f heyk\u0259li Heyd\u0259r \u018fliyev prospektind\u0259 yerl\u0259\u015fir. F\u00fczuli R\u00fcst\u0259movun q\u0259bri is\u0259 rayonumuzun H\u00fcs\u0259nli k\u0259ndind\u0259dir. T\u0259rt\u0259rlil\u0259r onlar\u0131n ruhlar\u0131n\u0131 h\u0259r g\u00fcn t\u0259r \u00e7i\u00e7\u0259kl\u0259rl\u0259 yad edirl\u0259r.<br \/>\nV\u0259zir Orucov 1956-c\u0131 il dekabr ay\u0131n\u0131n 26-da T\u0259rt\u0259r rayonunun Xoruzlu k\u0259ndind\u0259 anadan olub. Do\u011fulub boya-ba\u015fa \u00e7atd\u0131\u011f\u0131 k\u0259ndd\u0259 orta t\u0259hsilini ba\u015fa vurub. 1974-c\u00fc ild\u0259 Bak\u0131 Y\u00fcng\u00fcl S\u0259naye Texnikumuna daxil olub. \u201cT\u0259rt\u0259r \u00d6z\u00fcn\u00fcm\u00fcdafi\u0259 Batalyonu\u201dnda \u015f\u00fcca\u0259tl\u0259r g\u00f6st\u0259rib.<br \/>\nV\u0259zir Orucov 1993-c\u00fc il fevral ay\u0131n\u0131n 22-d\u0259 A\u011fd\u0259r\u0259 b\u00f6lg\u0259sind\u0259 \u201cQlobus\u201d y\u00fcks\u0259kliyi u\u011frunda ged\u0259n d\u00f6y\u00fc\u015fd\u0259 q\u0259hr\u0259mancas\u0131na \u015f\u0259hid olub.<br \/>\nElman H\u00fcseynov 1952-ci ild\u0259 T\u0259rt\u0259r rayonunun Azadqaraqoyunlu k\u0259ndind\u0259 anadan olub. O, ali t\u0259hsilli m\u00fch\u0259ndis idi. 1991-ci il sentyabr ay\u0131n\u0131n 22-d\u0259 \u201cT\u0259rt\u0259r \u00d6z\u00fcn\u00fcm\u00fcdafi\u0259 Batalyonu\u201dna ilk komandir se\u00e7ilib.<br \/>\nElman H\u00fcseynov L\u00fcl\u0259saz, \u015ei\u015fqaya, \u201c Qanl\u0131 t\u0259p\u0259\u201d \u0259m\u0259liyyatlar\u0131nda q\u0259hr\u0259manl\u0131qla d\u00f6y\u00fc\u015f\u00fcb.<br \/>\n1993-c\u00fc ilin yanvar ay\u0131nda ged\u0259n qanl\u0131 d\u00f6y\u00fc\u015fl\u0259rd\u0259 q\u0259hr\u0259mancas\u0131na h\u0259lak olub.<br \/>\nF\u00fczuli R\u00fcst\u0259mov 1965-ci ild\u0259 T\u0259rt\u0259rin H\u00fcs\u0259nli k\u0259ndind\u0259 anadan olub. H\u0259l\u0259 u\u015faq ya\u015flar\u0131ndan valideynl\u0259rini itirib v\u0259 xalas\u0131 S\u0259kin\u0259 xan\u0131m\u0131n t\u0259rbiy\u0259si il\u0259 b\u00f6y\u00fcy\u00fcb boya-ba\u015fa \u00e7at\u0131b.<br \/>\n1983-c\u00fc ild\u0259 h\u0259rbi xidm\u0259t\u0259 \u00e7a\u011f\u0131r\u0131l\u0131b, h\u0259rbid\u0259 oldu\u011fu zaman f\u0259xri f\u0259rman, d\u00f6\u015f ni\u015fanlar\u0131 il\u0259 t\u0259ltif olunub.<br \/>\n1992-ci il fevral\u0131n 25-d\u0259n 26-na ke\u00e7\u0259n gec\u0259 Erm\u0259nistan h\u0259rbi birl\u0259\u015fm\u0259l\u0259rinin 7 min \u0259halisi olan Xocal\u0131 \u015f\u0259h\u0259rin\u0259 h\u00fccumu zaman\u0131 F\u00fczuli igidlikl\u0259 m\u00fcbariz\u0259 apar\u0131b. T\u0259kc\u0259 Xocal\u0131 u\u011frunda deyil, v\u0259t\u0259nimiz \u00fc\u00e7\u00fcn ged\u0259n qanl\u0131 d\u00f6y\u00fc\u015fl\u0259rd\u0259 igidlik g\u00f6st\u0259rib. F\u00fczuli R\u00fcst\u0259mov 1992-ci il fevral\u0131n 25-d\u0259n 26-s\u0131na ke\u00e7\u0259n gec\u0259 Xocal\u0131 q\u0259tliam\u0131 zaman\u0131 v\u0259t\u0259n yolunda \u015f\u0259hid olub.<br \/>\nMehrac Mahmudov 1958-ci ild\u0259 T\u0259rt\u0259r rayonunun S\u0259hlabad k\u0259ndind\u0259 d\u00fcnyaya g\u0259lib. 1992-1994-c\u00fc ill\u0259rd\u0259 Qaraba\u011f m\u00fcharib\u0259sind\u0259 q\u0259hr\u0259mancas\u0131na i\u015ftirak edib.<br \/>\n1993-c\u00fc il aprelin 2-d\u0259 Mehrac \u201cT\u0259rt\u0259r \u00d6z\u00fcn\u00fcm\u00fcdafi\u0259 batalyonu\u201dnda b\u00f6lm\u0259 komandiri olub.<br \/>\n1994-c\u00fc il aprelin 23-d\u0259 batalyon komandiri v\u0259zif\u0259sin\u0259 t\u0259yin olunub.<br \/>\nMehrac Mahmudov 1994-c\u00fc il aprel ay\u0131n\u0131n 23-n\u0259 q\u0259d\u0259r Qaraba\u011f m\u00fcharib\u0259sind\u0259 i\u015ftirak edib.<br \/>\n1992-ci ild\u0259 Mara\u011faya, Marqu\u015fevana,A\u011fd\u0259r\u0259y\u0259 ilk daxil olan d\u00f6y\u00fc\u015f\u00e7\u00fcl\u0259rd\u0259n biri idi.<br \/>\n1993-c\u00fc ilin oktyabr\u0131nda k\u00f6n\u00fcll\u00fcl\u0259rd\u0259n ibar\u0259t batalyon yarad\u0131l\u0131r v\u0259 o, A\u011fdam b\u00f6lg\u0259sin\u0259 g\u00f6nd\u0259rilir.<br \/>\n1994-c\u00fc il aprel ay\u0131n\u0131n 23-\u00fc A\u011fdam rayonunun \u0130lx\u0131\u00e7\u0131lar k\u0259ndi u\u011frunda ged\u0259n d\u00f6y\u00fc\u015fd\u0259 igidlikl\u0259 \u015f\u0259hid olub. Onun igidliyi \u201cAz\u0259rbaycan Bayra\u011f\u0131\u201d ordeni il\u0259 qiym\u0259tl\u0259ndirilib.<br \/>\n\u018fdal\u0259t Pa\u015fayev 20 iyun 1956-c\u0131 ild\u0259 T\u0259rt\u0259r \u015f\u0259h\u0259rind\u0259 anadan olub. 1987-1991-ci ill\u0259rd\u0259 Xabarovskda h\u0259rbi xidm\u0259td\u0259 olark\u0259n \u00f6z v\u0259zif\u0259sini layiqinc\u0259 yerin\u0259 yetirib.<br \/>\nOrta t\u0259hsilini T\u0259rt\u0259r \u015f\u0259h\u0259r 2 sayl\u0131 orta m\u0259kt\u0259bd\u0259 ald\u0131qdan sonra 1972-1977-ci ill\u0259rd\u0259 Az\u0259rbaycan Politexnik \u0130nstitutunda oxuyub.<br \/>\nA\u011fd\u0259r\u0259 rayonunun Mara\u011fa, Marqu\u015fevan k\u0259ndl\u0259rind\u0259 ged\u0259n d\u00f6y\u00fc\u015fl\u0259rd\u0259 c\u0259sar\u0259tl\u0259 vuru\u015fub. Mahir top\u00e7u idi.<br \/>\n1992-ci ilin avqustun 23-d\u0259 Drombon k\u0259ndi u\u011frunda ged\u0259n d\u00f6y\u00fc\u015fl\u0259rd\u0259 d\u00f6\u015f q\u0259f\u0259sind\u0259n a\u011f\u0131r yaralan\u0131b. H\u0259min ilin 24 avqustunda v\u0259ziyy\u0259ti a\u011f\u0131rla\u015fd\u0131\u011f\u0131ndan Bak\u0131 \u015f\u0259h\u0259rin\u0259 apar\u0131l\u0131b. H\u0259kiml\u0259rin ciddi c\u0259hdin\u0259 baxmayaraq, 1992-ci il avqust ay\u0131n\u0131n 22-si \u018fdal\u0259t Pa\u015fayev d\u00fcnyas\u0131n\u0131 d\u0259yi\u015fib.<br \/>\nD\u00f6y\u00fc\u015fl\u0259rd\u0259 g\u00f6st\u0259rdiyi c\u0259surlu\u011fa g\u00f6r\u0259 \u018fdal\u0259t Pa\u015fayev 1994-c\u00fc il sentyabr ay\u0131n\u0131n 16-s\u0131 \u00f6l\u00fcm\u00fcnd\u0259n sonra \u201cAz\u0259rbaycan Bayra\u011f\u0131\u201d ordeni il\u0259 t\u0259ltif olunub.<br \/>\nH\u0259min qanl\u0131-qadal\u0131 ill\u0259rd\u0259 T\u0259rt\u0259r 325 \u015f\u0259hid verdi\u2013ham\u0131s\u0131 da q\u0259hr\u0259man v\u0259 sayse\u00e7m\u0259 o\u011fullar! Bunlar\u0131n h\u0259r biri haqq\u0131nda ayr\u0131ca q\u0259hr\u0259manl\u0131q dastan\u0131 yazmaq olar. Lakin y\u0131\u011fcam bir q\u0259zet yaz\u0131s\u0131nda ham\u0131s\u0131n\u0131 yazmaq m\u00fcmk\u00fcn deyil.<br \/>\nXain qon\u015fular\u0131m\u0131z\u0131n m\u00fcharib\u0259 d\u00f6vr\u00fcnd\u0259 \u201cQrad\u201d,\u201cAlazan\u201d,\u201cKristal\u201d raketl\u0259ri v\u0259 top m\u0259rmil\u0259ri il\u0259 vurub tamamil\u0259 da\u011f\u0131td\u0131qlar\u0131 binalar\u0131m\u0131z\u0131 d\u00f6vl\u0259timiz \u0259vv\u0259lkind\u0259n d\u0259 yax\u015f\u0131 b\u0259rpa etdi. \u0130nan\u0131r\u0131q ki, qurban ged\u0259nl\u0259rimizin d\u0259 qan\u0131 yerd\u0259 qalmayacaq!<br \/>\nBiz g\u0259ncl\u0259rin d\u0259 borcu g\u0259l\u0259c\u0259kd\u0259 v\u0259t\u0259nimiz\u0259 layiqli v\u0259t\u0259nda\u015f olmaqdan v\u0259 yurdumuza uzanan xain \u0259ll\u0259ri v\u0259 ayaqlar\u0131 k\u0259sm\u0259kd\u0259n ibar\u0259tdir.<\/p>\n<p style=\"text-align: right;\"><em><strong>N\u00fcbar MEHD\u0130ZAD\u018f <\/strong><\/em><\/p>\n","protected":false},"excerpt":{"rendered":"<p>T\u0259rt\u0259r rayonu Az\u0259rbaycan\u0131n Qaraba\u011f b\u00f6lg\u0259sind\u0259 yerl\u0259\u015fir. Do\u011fma \u015f\u0259h\u0259rim iqlimin\u0259 v\u0259 co\u011frafi m\u00f6vqeyin\u0259 g\u00f6r\u0259 \u00f6lk\u0259mizin \u0259n s\u0259fal\u0131 gu\u015f\u0259l\u0259rind\u0259n biridir. Tale el\u0259 g\u0259tirib ki, xain erm\u0259nil\u0259r bu torpaqlarda biziml\u0259 zaman-zaman birg\u0259 ya\u015fay\u0131blar. Ulu babalar\u0131m\u0131z ya\u015famaq \u00fc\u00e7\u00fcn onlara torpaqlar\u0131m\u0131zda s\u0131\u011f\u0131nacaq veribl\u0259r. Murdar erm\u0259nil\u0259r \u00f6zl\u0259rinin yerl\u0259rini rahatlayandan sonra g\u00f6zl\u0259rini b\u0259r\u0259k\u0259tli torpaqlar\u0131m\u0131za, yeralt\u0131 v\u0259 yer\u00fcst\u00fc s\u0259rv\u0259tl\u0259rimiz\u0259 dikibl\u0259r.<\/p>\n","protected":false},"author":2,"featured_media":0,"comment_status":"closed","ping_status":"closed","sticky":false,"template":"","format":"standard","meta":[],"categories":[10],"tags":[20],"_links":{"self":[{"href":"https:\/\/yeniterter.az\/index.php?rest_route=\/wp\/v2\/posts\/11550"}],"collection":[{"href":"https:\/\/yeniterter.az\/index.php?rest_route=\/wp\/v2\/posts"}],"about":[{"href":"https:\/\/yeniterter.az\/index.php?rest_route=\/wp\/v2\/types\/post"}],"author":[{"embeddable":true,"href":"https:\/\/yeniterter.az\/index.php?rest_route=\/wp\/v2\/users\/2"}],"replies":[{"embeddable":true,"href":"https:\/\/yeniterter.az\/index.php?rest_route=%2Fwp%2Fv2%2Fcomments&post=11550"}],"version-history":[{"count":0,"href":"https:\/\/yeniterter.az\/index.php?rest_route=\/wp\/v2\/posts\/11550\/revisions"}],"wp:attachment":[{"href":"https:\/\/yeniterter.az\/index.php?rest_route=%2Fwp%2Fv2%2Fmedia&parent=11550"}],"wp:term":[{"taxonomy":"category","embeddable":true,"href":"https:\/\/yeniterter.az\/index.php?rest_route=%2Fwp%2Fv2%2Fcategories&post=11550"},{"taxonomy":"post_tag","embeddable":true,"href":"https:\/\/yeniterter.az\/index.php?rest_route=%2Fwp%2Fv2%2Ftags&post=11550"}],"curies":[{"name":"wp","href":"https:\/\/api.w.org\/{rel}","templated":true}]}}