{"id":11507,"date":"2019-01-18T10:53:26","date_gmt":"2019-01-18T07:53:26","guid":{"rendered":"http:\/\/www.yeniterter.az\/?p=11507"},"modified":"2019-01-18T11:04:56","modified_gmt":"2019-01-18T08:04:56","slug":"q%c9%99hr%c9%99manliq-r%c9%99mzin%c9%99-cevril%c9%99n-gun","status":"publish","type":"post","link":"https:\/\/yeniterter.az\/?p=11507","title":{"rendered":"Q\u018fHR\u018fMANLIQ R\u018fMZ\u0130N\u018f \u00c7EVR\u0130L\u018fN G\u00dcN"},"content":{"rendered":"<p><img decoding=\"async\" loading=\"lazy\" class=\" wp-image-11508 alignright\" src=\"http:\/\/www.yeniterter.az\/wp-content\/uploads\/01-40-300x208.jpg\" alt=\"\" width=\"267\" height=\"185\" srcset=\"https:\/\/yeniterter.az\/wp-content\/uploads\/01-40-300x208.jpg 300w, https:\/\/yeniterter.az\/wp-content\/uploads\/01-40-768x534.jpg 768w, https:\/\/yeniterter.az\/wp-content\/uploads\/01-40.jpg 960w\" sizes=\"(max-width: 267px) 100vw, 267px\" \/>20 Yanvar&#8230; Xalq\u0131m\u0131z\u0131n h\u0259yat\u0131nda faci\u0259 v\u0259 q\u0259hr\u0259manl\u0131q g\u00fcn\u00fc. Mill\u0259timizi bir yumruq kimi birl\u0259\u015fdir\u0259n tarix. \u00d6z q\u0259ddarl\u0131\u011f\u0131 v\u0259 v\u0259h\u015filiyi il\u0259 b\u00fct\u00fcn d\u00fcnyan\u0131 l\u0259rz\u0259y\u0259 g\u0259tir\u0259n hadis\u0259.<br \/>\nLakin \u00e7ox t\u0259\u0259ss\u00fcf ki, h\u0259min d\u00f6vrd\u0259 hakimiyy\u0259t ba\u015f\u0131nda olanlar bu hadis\u0259y\u0259 siyasi-h\u00fcquqi qiym\u0259t verilm\u0259si \u00fc\u00e7\u00fcn he\u00e7 bir add\u0131m atmad\u0131lar.<br \/>\nH\u0259min a\u011f\u0131r v\u0259 faci\u0259li g\u00fcnl\u0259rd\u0259 Az\u0259rbaycan xalq\u0131na qar\u015f\u0131 soyq\u0131r\u0131m akt\u0131n\u0131n t\u00f6r\u0259dildiyini ilk d\u0259f\u0259 b\u00fct\u00fcn d\u00fcnyaya c\u0259sar\u0259tl\u0259 b\u0259yan ed\u0259n Heyd\u0259r \u018fliyev oldu. O, \u00f6z\u00fcn\u00fcn v\u0259 ail\u0259sinin h\u0259yat\u0131n\u0131 t\u0259hl\u00fck\u0259y\u0259 ataraq, Moskvadak\u0131 Az\u0259rbaycan n\u00fcmay\u0259nd\u0259liyinin binas\u0131na g\u0259ldi v\u0259 ba\u015f vermi\u015f hadis\u0259y\u0259 siyasi qiym\u0259t verilm\u0259sini t\u0259l\u0259b etdi. <!--more--><br \/>\nLakin o zaman yerli hakimiyy\u0259t orqanlar\u0131 Kremlin q\u0259z\u0259bin\u0259 tu\u015f g\u0259lm\u0259m\u0259k \u00fc\u00e7\u00fcn g\u00fcnahs\u0131z insanlar\u0131n q\u0259tliama m\u0259ruz qalmas\u0131n\u0131n \u00fcz\u0259rind\u0259n s\u00fckutla ke\u00e7dil\u0259r, h\u0259tta hadis\u0259l\u0259rin \u0259sl mahiyy\u0259tini beyn\u0259lxalq ictimaiyy\u0259td\u0259n gizl\u0259tm\u0259y\u0259 \u00e7al\u0131\u015fd\u0131lar. 1990-ci il yanvar ay\u0131n\u0131n 22-d\u0259 \u00e7a\u011f\u0131r\u0131lan Az\u0259rbaycan Ali Sovetinin f\u00f6vq\u0259lad\u0259 sessiyas\u0131 \u00f6z i\u015fini yar\u0131m\u00e7\u0131q qoydu v\u0259 sonrak\u0131 sessiyalarda bu m\u0259s\u0259l\u0259nin m\u00fczakir\u0259sini davam etdirm\u0259di. Ali Sovetin yanvar hadis\u0259l\u0259rini t\u0259dqiq etm\u0259li olan komissiyas\u0131n\u0131n da i\u015fi ba\u015fa \u00e7atd\u0131r\u0131lmam\u0131\u015f qald\u0131.<br \/>\n1990-ci ilin iyulunda Moskvadan Az\u0259rbaycana qay\u0131dan Heyd\u0259r \u018fliyevin t\u0259\u015f\u0259bb\u00fcs\u00fc il\u0259 h\u0259min il noyabr ay\u0131n\u0131n 21-d\u0259 Naxc\u0131van Muxtar Respublikas\u0131n\u0131n Ali M\u0259clisinin q\u0259rar\u0131 il\u0259 20 Yanvar faci\u0259sin\u0259 ilk d\u0259f\u0259 h\u00fcquqi-siyasi qiym\u0259t verildi. Q\u0259bul edilmi\u015f q\u0259rarda respublika s\u0259viyy\u0259sind\u0259 20 Yanvar faci\u0259sin\u0259 h\u00fcquqi-siyasi qiym\u0259tin verilm\u0259si respublika r\u0259hb\u0259rliyind\u0259n t\u0259l\u0259b edildi.<br \/>\n\u00d6lk\u0259miz m\u00fcst\u0259qilliyini b\u0259rpa etdikd\u0259n sonra da n\u0259 Ayaz M\u00fct\u0259llibov iqtidar\u0131, n\u0259 AXC-M\u00fcsavat c\u00fctl\u00fcy\u00fc 20 Yanvar hadis\u0259l\u0259rin\u0259 h\u00fcquqi-siyasi qiym\u0259t verdi.<br \/>\nYaln\u0131z \u00fcmummilli lider Heyd\u0259r \u018fliyevin \u00f6lk\u0259 r\u0259hb\u0259rliyin\u0259 qay\u0131d\u0131\u015f\u0131ndan sonra 20 Yanvar hadis\u0259l\u0259rinin \u0259sl mahiyy\u0259ti a\u00e7\u0131qland\u0131.<br \/>\nHeyd\u0259r \u018fliyev siyasi kursunu u\u011furla davam etdir\u0259n Prezident \u0130lham \u018fliyev 1990-ci ilin yanvar\u0131nda \u015f\u0259hid olmu\u015f o\u011ful v\u0259 q\u0131zlar\u0131m\u0131z\u0131n xatir\u0259sinin \u0259b\u0259dil\u0259\u015fdirilm\u0259si, adlar\u0131n\u0131n uca tutulmas\u0131, onlar\u0131n ail\u0259l\u0259rinin, \u00f6vladlar\u0131n\u0131n sosial m\u00fcdafi\u0259sinin g\u00fccl\u0259ndirilm\u0259si \u00fc\u00e7\u00fcn m\u00fch\u00fcm q\u0259rarlar vermi\u015fdir.<br \/>\n20 Yanvar \u015f\u0259hidl\u0259rinin xatir\u0259si h\u0259r bir az\u0259rbaycanl\u0131 \u00fc\u00e7\u00fcn \u0259zizdir. \u00c7\u00fcnki \u015faxtal\u0131 v\u0259 qanl\u0131 h\u0259min g\u00fcn xalq\u0131m\u0131z\u0131n azad, m\u00fcst\u0259qil ya\u015fama\u011fa layiq oldu\u011funu s\u00fcbut etdi.<\/p>\n<p style=\"text-align: right;\"><em><strong>\u201cYeni T\u0259rt\u0259r\u201d<\/strong><\/em><\/p>\n","protected":false},"excerpt":{"rendered":"<p>20 Yanvar&#8230; Xalq\u0131m\u0131z\u0131n h\u0259yat\u0131nda faci\u0259 v\u0259 q\u0259hr\u0259manl\u0131q g\u00fcn\u00fc. Mill\u0259timizi bir yumruq kimi birl\u0259\u015fdir\u0259n tarix. \u00d6z q\u0259ddarl\u0131\u011f\u0131 v\u0259 v\u0259h\u015filiyi il\u0259 b\u00fct\u00fcn d\u00fcnyan\u0131 l\u0259rz\u0259y\u0259 g\u0259tir\u0259n hadis\u0259. Lakin \u00e7ox t\u0259\u0259ss\u00fcf ki, h\u0259min d\u00f6vrd\u0259 hakimiyy\u0259t ba\u015f\u0131nda olanlar bu hadis\u0259y\u0259 siyasi-h\u00fcquqi qiym\u0259t verilm\u0259si \u00fc\u00e7\u00fcn he\u00e7 bir add\u0131m atmad\u0131lar. H\u0259min a\u011f\u0131r v\u0259 faci\u0259li g\u00fcnl\u0259rd\u0259 Az\u0259rbaycan xalq\u0131na qar\u015f\u0131 soyq\u0131r\u0131m akt\u0131n\u0131n t\u00f6r\u0259dildiyini ilk [&hellip;]<\/p>\n","protected":false},"author":2,"featured_media":0,"comment_status":"closed","ping_status":"closed","sticky":false,"template":"","format":"standard","meta":[],"categories":[10],"tags":[20],"_links":{"self":[{"href":"https:\/\/yeniterter.az\/index.php?rest_route=\/wp\/v2\/posts\/11507"}],"collection":[{"href":"https:\/\/yeniterter.az\/index.php?rest_route=\/wp\/v2\/posts"}],"about":[{"href":"https:\/\/yeniterter.az\/index.php?rest_route=\/wp\/v2\/types\/post"}],"author":[{"embeddable":true,"href":"https:\/\/yeniterter.az\/index.php?rest_route=\/wp\/v2\/users\/2"}],"replies":[{"embeddable":true,"href":"https:\/\/yeniterter.az\/index.php?rest_route=%2Fwp%2Fv2%2Fcomments&post=11507"}],"version-history":[{"count":0,"href":"https:\/\/yeniterter.az\/index.php?rest_route=\/wp\/v2\/posts\/11507\/revisions"}],"wp:attachment":[{"href":"https:\/\/yeniterter.az\/index.php?rest_route=%2Fwp%2Fv2%2Fmedia&parent=11507"}],"wp:term":[{"taxonomy":"category","embeddable":true,"href":"https:\/\/yeniterter.az\/index.php?rest_route=%2Fwp%2Fv2%2Fcategories&post=11507"},{"taxonomy":"post_tag","embeddable":true,"href":"https:\/\/yeniterter.az\/index.php?rest_route=%2Fwp%2Fv2%2Ftags&post=11507"}],"curies":[{"name":"wp","href":"https:\/\/api.w.org\/{rel}","templated":true}]}}