{"id":11260,"date":"2018-12-27T12:30:29","date_gmt":"2018-12-27T09:30:29","guid":{"rendered":"http:\/\/www.yeniterter.az\/?p=11260"},"modified":"2018-12-27T12:37:28","modified_gmt":"2018-12-27T09:37:28","slug":"bizim-az%c9%99rbaycanlilar","status":"publish","type":"post","link":"https:\/\/yeniterter.az\/?p=11260","title":{"rendered":"Bizim az\u0259rbaycanl\u0131lar"},"content":{"rendered":"<p><strong>G\u00dcC B\u0130RL\u0130KD\u018fD\u0130R<\/strong><\/p>\n<p><img decoding=\"async\" loading=\"lazy\" class=\" wp-image-11261 alignright\" src=\"http:\/\/www.yeniterter.az\/wp-content\/uploads\/IMG-20181205-WA0054-300x300.jpg\" alt=\"\" width=\"225\" height=\"225\" srcset=\"https:\/\/yeniterter.az\/wp-content\/uploads\/IMG-20181205-WA0054-300x300.jpg 300w, https:\/\/yeniterter.az\/wp-content\/uploads\/IMG-20181205-WA0054-150x150.jpg 150w, https:\/\/yeniterter.az\/wp-content\/uploads\/IMG-20181205-WA0054-768x768.jpg 768w, https:\/\/yeniterter.az\/wp-content\/uploads\/IMG-20181205-WA0054-1024x1024.jpg 1024w, https:\/\/yeniterter.az\/wp-content\/uploads\/IMG-20181205-WA0054.jpg 1080w\" sizes=\"(max-width: 225px) 100vw, 225px\" \/>20 ildir ki, Ukraynan\u0131n Xarkov \u015f\u0259h\u0259rind\u0259 \u201cAynur-Xatun\u201d adl\u0131 qad\u0131nlar c\u0259miyy\u0259ti f\u0259aliyy\u0259t g\u00f6st\u0259rir. C\u0259miyy\u0259tin s\u0259dri \u0130smay\u0131ll\u0131 rayonunun Basqal k\u0259ndind\u0259n olan Kifay\u0259t C\u0259f\u0259rovad\u0131r. Yeni il v\u0259 D\u00fcnya Az\u0259rbaycanl\u0131lar\u0131n\u0131n H\u0259mr\u0259yliyi G\u00fcn\u00fc qar\u015f\u0131s\u0131nda Kifay\u0259t xan\u0131mla \u0259laq\u0259 saxlay\u0131b, c\u0259miyy\u0259tin f\u0259aliyy\u0259ti bar\u0259d\u0259 q\u0259zetimiz\u0259 m\u0259lumat verm\u0259sini xahi\u015f etdik. O dedi:<br \/>\n\u2013Harada ya\u015fama\u011f\u0131m\u0131zdan as\u0131l\u0131 olmayaraq, h\u0259r birimizin bir V\u0259t\u0259ni var \u2013 Az\u0259rbaycan. Dilimiz, dinimiz v\u0259 ad\u0259t-\u0259n\u0259n\u0259l\u0259rimiz d\u0259 d\u0259yi\u015fm\u0259zdir. Lakin b\u00fct\u00fcn bunlar\u0131 q\u0259riblikd\u0259 ya\u015fatmaq, qorumaq, \u0259n ba\u015fl\u0131cas\u0131 is\u0259, g\u0259nc n\u0259sl\u0259 a\u015f\u0131lamaq o q\u0259d\u0259r d\u0259 asan deyil. Ona g\u00f6r\u0259 20 il \u0259vv\u0259l m\u0259n q\u0259rara ald\u0131m ki, ya\u015fad\u0131\u011f\u0131m\u0131z Xarkov \u015f\u0259h\u0259rind\u0259 az\u0259rbaycanl\u0131 qad\u0131nlar\u0131 bir araya g\u0259tir\u0259r\u0259k, bu istiqam\u0259td\u0259 i\u015fl\u0259r aparaq. Y\u0259ni c\u0259miyy\u0259timizin \u0259sas m\u0259qs\u0259di \u00f6vladlar\u0131m\u0131z\u0131 milli ruhda b\u00f6y\u00fctm\u0259k, onlara \u00f6z ana dilimizi \u00f6yr\u0259tm\u0259kdir. Eyni zamanda, xeyriyy\u0259\u00e7ilik f\u0259aliyy\u0259ti il\u0259 m\u0259\u015f\u011ful olur, qad\u0131nlar\u0131m\u0131z\u0131n sosial probleml\u0259rinin h\u0259llin\u0259 k\u00f6m\u0259k edir, Ukraynada xalq\u0131m\u0131z\u0131n q\u0259dim m\u0259d\u0259niyy\u0259tini, ad\u0259t-\u0259n\u0259n\u0259l\u0259rimizi t\u0259bli\u011f edirik.\u201dBazar g\u00fcn\u00fc\u201d m\u0259kt\u0259bi yaratm\u0131\u015f\u0131q. \u00d6vladlar\u0131 il\u0259 b\u0259rab\u0259r valideynl\u0259r d\u0259 bu m\u0259kt\u0259bin m\u0259\u015f\u011f\u0259l\u0259l\u0259rind\u0259 h\u0259v\u0259sl\u0259 i\u015ftirak edirl\u0259r.<!--more--> H\u0259tta, qeyd edim ki, yerli xan\u0131mlar da m\u0259kt\u0259bimiz\u0259 maraq g\u00f6st\u0259rir, Az\u0259rbaycanla ba\u011fl\u0131 m\u0259lumatlar\u0131 \u00f6yr\u0259nm\u0259k ist\u0259yirl\u0259r. \u00c7ox sevindiricidir ki, indi v\u0259t\u0259nimizd\u0259n uzaqlarda d\u00fcnyaya g\u00f6z a\u00e7an \u00f6vladlar\u0131m\u0131z ya\u015fad\u0131qlar\u0131 \u00f6lk\u0259nin dilind\u0259 t\u0259hsil alsalar da, Az\u0259rbaycan dilini d\u0259 g\u00f6z\u0259l bilirl\u0259r. M\u0259nim 5 v\u0259 6 ya\u015fl\u0131 n\u0259v\u0259l\u0259rim himnimizi ifa edir, Az\u0259rbaycan dilind\u0259 na\u011f\u0131llar bilir, mahn\u0131 oxuyurlar. Adi bir misal \u00e7\u0259km\u0259k ist\u0259yir\u0259m. Biz m\u0259kt\u0259bd\u0259 \u201cTurp\u201d na\u011f\u0131l\u0131n\u0131 s\u0259hn\u0259l\u0259\u015fdirmi\u015fik. U\u015faqlar bu na\u011f\u0131l\u0131 \u00f6yr\u0259n\u0259rk\u0259n d\u0259rk edirl\u0259r ki, g\u00fcc birlikd\u0259dir.Y\u0259ni f\u0259rqi yoxdur, s\u0259n h\u0259r hans\u0131 bir \u00f6lk\u0259d\u0259 ya\u015faya bil\u0259rs\u0259n, amma q\u0259lbin daim Az\u0259rbaycanla d\u00f6y\u00fcnm\u0259lidir, b\u00fct\u00fcn d\u00fcnya az\u0259rbaycanl\u0131lar\u0131 h\u0259mr\u0259y olmal\u0131d\u0131rlar.<br \/>\nBiz Xarkov \u015f\u0259h\u0259rind\u0259 ke\u00e7iril\u0259n m\u0259d\u0259ni- k\u00fctl\u0259vi t\u0259dbirl\u0259rd\u0259 i\u015ftirak ed\u0259r\u0259k, burada V\u0259t\u0259nimizi layiqinc\u0259 t\u0259msil edirik. Bel\u0259 ki, cari ilin noyabr ay\u0131n\u0131n \u0259vv\u0259ll\u0259rind\u0259 Turizm nazirliyinin x\u0259tti il\u0259 beyn\u0259lxalq s\u0259rgi ke\u00e7irilirdi. Burada m\u00fcxt\u0259lif xalqlar\u0131n atributlar\u0131, milli geyiml\u0259ri, musiqi al\u0259tl\u0259ri, m\u0259tb\u0259xi n\u00fcmayi\u015f olunurdu. Biz d\u0259 h\u0259min t\u0259dbir\u0259 qat\u0131ld\u0131q. S\u0259rgi \u00fc\u00e7 h\u0259ft\u0259 davam etdi.<br \/>\nBa\u011flan\u0131\u015f m\u0259rasimind\u0259 m\u0259n \u00f6lk\u0259miz\u0259 aid x\u00fcsusi masa haz\u0131rlad\u0131m. Burada m\u0259i\u015f\u0259timizin ayr\u0131lmaz hiss\u0259si olan samovar, armudu st\u0259kanlarda \u0259tirli Az\u0259rbaycan \u00e7ay\u0131, paxlava, \u015f\u0259k\u0259rbura, yarpaq dolmas\u0131 n\u00fcmai\u015f etdirilirdi. \u0130\u015ftirak\u00e7\u0131lar bizim masaya yax\u0131nla\u015f\u0131b, bir st\u0259kan \u00e7ay\u0131m\u0131z\u0131 i\u00e7\u0259r\u0259k, heyranl\u0131qlar\u0131n\u0131 bildirirdil\u0259r. Sonra m\u0259n \u00e7\u0131x\u0131\u015f ed\u0259r\u0259k Az\u0259rbaycan\u0131m\u0131z v\u0259 onun g\u00f6z\u0259l ad\u0259t-\u0259n\u0259n\u0259l\u0259ri haqq\u0131nda q\u0131saca m\u0259lumat verdim. Yax\u0131nl\u0131qdak\u0131 masadak\u0131 \u00fczd\u0259niraq qon\u015fular\u0131m\u0131z d\u00f6zm\u0259yib etiraz etdil\u0259r, h\u0259tta bildirdil\u0259r ki, yarpaq dolmas\u0131 onlar\u0131n milli x\u00f6r\u0259yidir. Lakin h\u0259m Ukrayna n\u00fcmay\u0259nd\u0259l\u0259ri, h\u0259m d\u0259 dig\u0259r i\u015ftirakcilar bizi d\u0259st\u0259kl\u0259dil\u0259r. H\u0259tta sonda q\u0131zlar\u0131m\u0131z bir ne\u00e7\u0259 Az\u0259rbaycan r\u0259qsini, o c\u00fcml\u0259d\u0259n erm\u0259nil\u0259rin h\u0259yas\u0131zcas\u0131na m\u0259nims\u0259m\u0259k ist\u0259dikl\u0259ri \u201cUzund\u0259r\u0259\u201d r\u0259qsini ifa ed\u0259r\u0259k, onlara daha bir tutarl\u0131 cavab verdil\u0259r. Bel\u0259c\u0259, bu, bizim erm\u0259nil\u0259r \u00fcz\u0259rind\u0259 ki\u00e7ik d\u0259 olsa q\u0259l\u0259b\u0259miz idi. \u0130nan\u0131r\u0131q ki, b\u00f6y\u00fck q\u0259l\u0259b\u0259miz d\u0259 uzaqda deyil. El\u0259 bu arzuyla, bu \u00fcm\u00fcdl\u0259 Az\u0259rbaycan xalq\u0131na, c\u0259bh\u0259 b\u00f6lg\u0259sind\u0259 ya\u015fayan q\u0259hr\u0259man t\u0259rt\u0259rlil\u0259r\u0259 xaricd\u0259 ya\u015fayan az\u0259rbaycanl\u0131lar\u0131n salamlar\u0131n\u0131 yetirir\u0259m. 31 dekabr\u2013D\u00fcnya Az\u0259rbaycanl\u0131lar\u0131n\u0131n H\u0259mr\u0259yliyi G\u00fcn\u00fcn\u00fcz v\u0259 Yeni iliniz m\u00fcbar\u0259k! H\u0259r biriniz\u0259 cansal\u0131\u011f\u0131 arzulay\u0131r\u0131q. \u0130liniz xeyirli v\u0259 ruzili olsun!<\/p>\n<p style=\"text-align: right;\"><strong>M\u00fcsahib\u0259ni haz\u0131rlad\u0131: <\/strong><br \/>\n<strong>Svetlana BA\u011eIROVA<\/strong><\/p>\n","protected":false},"excerpt":{"rendered":"<p>G\u00dcC B\u0130RL\u0130KD\u018fD\u0130R 20 ildir ki, Ukraynan\u0131n Xarkov \u015f\u0259h\u0259rind\u0259 \u201cAynur-Xatun\u201d adl\u0131 qad\u0131nlar c\u0259miyy\u0259ti f\u0259aliyy\u0259t g\u00f6st\u0259rir. C\u0259miyy\u0259tin s\u0259dri \u0130smay\u0131ll\u0131 rayonunun Basqal k\u0259ndind\u0259n olan Kifay\u0259t C\u0259f\u0259rovad\u0131r. Yeni il v\u0259 D\u00fcnya Az\u0259rbaycanl\u0131lar\u0131n\u0131n H\u0259mr\u0259yliyi G\u00fcn\u00fc qar\u015f\u0131s\u0131nda Kifay\u0259t xan\u0131mla \u0259laq\u0259 saxlay\u0131b, c\u0259miyy\u0259tin f\u0259aliyy\u0259ti bar\u0259d\u0259 q\u0259zetimiz\u0259 m\u0259lumat verm\u0259sini xahi\u015f etdik. O dedi: \u2013Harada ya\u015fama\u011f\u0131m\u0131zdan as\u0131l\u0131 olmayaraq, h\u0259r birimizin bir V\u0259t\u0259ni var \u2013 [&hellip;]<\/p>\n","protected":false},"author":2,"featured_media":0,"comment_status":"closed","ping_status":"closed","sticky":false,"template":"","format":"standard","meta":[],"categories":[10],"tags":[20],"_links":{"self":[{"href":"https:\/\/yeniterter.az\/index.php?rest_route=\/wp\/v2\/posts\/11260"}],"collection":[{"href":"https:\/\/yeniterter.az\/index.php?rest_route=\/wp\/v2\/posts"}],"about":[{"href":"https:\/\/yeniterter.az\/index.php?rest_route=\/wp\/v2\/types\/post"}],"author":[{"embeddable":true,"href":"https:\/\/yeniterter.az\/index.php?rest_route=\/wp\/v2\/users\/2"}],"replies":[{"embeddable":true,"href":"https:\/\/yeniterter.az\/index.php?rest_route=%2Fwp%2Fv2%2Fcomments&post=11260"}],"version-history":[{"count":0,"href":"https:\/\/yeniterter.az\/index.php?rest_route=\/wp\/v2\/posts\/11260\/revisions"}],"wp:attachment":[{"href":"https:\/\/yeniterter.az\/index.php?rest_route=%2Fwp%2Fv2%2Fmedia&parent=11260"}],"wp:term":[{"taxonomy":"category","embeddable":true,"href":"https:\/\/yeniterter.az\/index.php?rest_route=%2Fwp%2Fv2%2Fcategories&post=11260"},{"taxonomy":"post_tag","embeddable":true,"href":"https:\/\/yeniterter.az\/index.php?rest_route=%2Fwp%2Fv2%2Ftags&post=11260"}],"curies":[{"name":"wp","href":"https:\/\/api.w.org\/{rel}","templated":true}]}}