{"id":10664,"date":"2018-10-10T15:07:36","date_gmt":"2018-10-10T12:07:36","guid":{"rendered":"http:\/\/www.yeniterter.az\/?p=10664"},"modified":"2018-10-10T15:48:51","modified_gmt":"2018-10-10T12:48:51","slug":"seminar-musavir%c9%99-kecirilib","status":"publish","type":"post","link":"https:\/\/yeniterter.az\/?p=10664","title":{"rendered":"SEM\u0130NAR\u2013M\u00dc\u015eAV\u0130R\u018f KE\u00c7\u0130R\u0130L\u0130B"},"content":{"rendered":"<p><img decoding=\"async\" loading=\"lazy\" class=\" wp-image-10639 alignleft\" src=\"http:\/\/www.yeniterter.az\/wp-content\/uploads\/RIH_7948-300x200.jpg\" alt=\"\" width=\"260\" height=\"173\" srcset=\"https:\/\/yeniterter.az\/wp-content\/uploads\/RIH_7948-300x200.jpg 300w, https:\/\/yeniterter.az\/wp-content\/uploads\/RIH_7948-768x512.jpg 768w, https:\/\/yeniterter.az\/wp-content\/uploads\/RIH_7948.jpg 1000w\" sizes=\"(max-width: 260px) 100vw, 260px\" \/><img decoding=\"async\" loading=\"lazy\" class=\" wp-image-10685 alignright\" src=\"http:\/\/www.yeniterter.az\/wp-content\/uploads\/RIH_7924-\u041a\u043e\u043f\u0438\u0440\u043e\u0432\u0430\u0442\u044c-300x200.jpg\" alt=\"\" width=\"257\" height=\"171\" srcset=\"https:\/\/yeniterter.az\/wp-content\/uploads\/RIH_7924-\u041a\u043e\u043f\u0438\u0440\u043e\u0432\u0430\u0442\u044c-300x200.jpg 300w, https:\/\/yeniterter.az\/wp-content\/uploads\/RIH_7924-\u041a\u043e\u043f\u0438\u0440\u043e\u0432\u0430\u0442\u044c-768x512.jpg 768w, https:\/\/yeniterter.az\/wp-content\/uploads\/RIH_7924-\u041a\u043e\u043f\u0438\u0440\u043e\u0432\u0430\u0442\u044c.jpg 1024w\" sizes=\"(max-width: 257px) 100vw, 257px\" \/>Bu g\u00fcnl\u0259rd\u0259 F\u00f6vq\u0259lad\u0259 Hallar Nazirliyi Ba\u015f \u018fm\u0259liyyat \u0130dar\u0259sinin v\u0259 Qaraba\u011f Regional M\u0259rk\u0259zinin birg\u0259 t\u0259\u015fkilat\u00e7\u0131l\u0131\u011f\u0131 il\u0259 T\u0259rt\u0259rd\u0259 \u201cF\u00f6vq\u0259lad\u0259 Hallar Nazirliyinin qurumlar\u0131 il\u0259 T\u0259rt\u0259r rayon yerli icra v\u0259 \u00f6z\u00fcn\u00fc idar\u0259etm\u0259 orqanlar\u0131 aras\u0131nda qar\u015f\u0131l\u0131ql\u0131 f\u0259aliyy\u0259tin t\u0259\u015fkili, qar\u015f\u0131da duran v\u0259zif\u0259l\u0259r v\u0259 probleml\u0259r\u201d m\u00f6vzusunda seminar-m\u00fc\u015favir\u0259 ke\u00e7irilib. M\u00fc\u015favir\u0259d\u0259 FHN Qaraba\u011f Regional M\u0259rk\u0259zi il\u0259 regionda f\u0259aliyy\u0259t g\u00f6st\u0259r\u0259n idar\u0259 v\u0259 m\u00fc\u0259ssis\u0259l\u0259r aras\u0131nda raz\u0131la\u015fd\u0131r\u0131lm\u0131\u015f qar\u015f\u0131l\u0131ql\u0131 f\u0259aliyy\u0259t planlar\u0131n\u0131n geni\u015f t\u0259hlili apar\u0131l\u0131b. T\u0259dbird\u0259 F\u00f6vq\u0259lad\u0259 Hallar Nazirliyinin Ba\u015f \u0259m\u0259liyyat idar\u0259sinin, Qaraba\u011f Regional M\u0259rk\u0259zinin, F\u00f6vq\u0259lad\u0259 Hallar Nazirliyinin regionda f\u0259aliyy\u0259t g\u00f6st\u0259r\u0259n yerli qurumlar\u0131n\u0131n r\u0259hb\u0259rliyi v\u0259 \u0259m\u0259kda\u015flar\u0131, el\u0259c\u0259 d\u0259 T\u0259rt\u0259r rayon \u0130cra Hakimiyy\u0259tinin m\u0259sul \u015f\u0259xsl\u0259ri, yerli icra v\u0259 \u00f6z\u00fcn\u00fc-idar\u0259etm\u0259 orqanlar\u0131, el\u0259c\u0259 d\u0259 rayonda f\u0259aliyy\u0259t g\u00f6st\u0259r\u0259n xidm\u0259t sah\u0259l\u0259ri, m\u00fcvafiq idar\u0259 v\u0259 m\u00fc\u0259ssis\u0259l\u0259rinin n\u00fcmay\u0259nd\u0259l\u0259ri i\u015ftirak edibl\u0259r.<\/p>\n<p style=\"text-align: right;\"><strong>\u201cYeni T\u0259rt\u0259r\u201d<\/strong><\/p>\n","protected":false},"excerpt":{"rendered":"<p>Bu g\u00fcnl\u0259rd\u0259 F\u00f6vq\u0259lad\u0259 Hallar Nazirliyi Ba\u015f \u018fm\u0259liyyat \u0130dar\u0259sinin v\u0259 Qaraba\u011f Regional M\u0259rk\u0259zinin birg\u0259 t\u0259\u015fkilat\u00e7\u0131l\u0131\u011f\u0131 il\u0259 T\u0259rt\u0259rd\u0259 \u201cF\u00f6vq\u0259lad\u0259 Hallar Nazirliyinin qurumlar\u0131 il\u0259 T\u0259rt\u0259r rayon yerli icra v\u0259 \u00f6z\u00fcn\u00fc idar\u0259etm\u0259 orqanlar\u0131 aras\u0131nda qar\u015f\u0131l\u0131ql\u0131 f\u0259aliyy\u0259tin t\u0259\u015fkili, qar\u015f\u0131da duran v\u0259zif\u0259l\u0259r v\u0259 probleml\u0259r\u201d m\u00f6vzusunda seminar-m\u00fc\u015favir\u0259 ke\u00e7irilib. M\u00fc\u015favir\u0259d\u0259 FHN Qaraba\u011f Regional M\u0259rk\u0259zi il\u0259 regionda f\u0259aliyy\u0259t g\u00f6st\u0259r\u0259n idar\u0259 v\u0259 m\u00fc\u0259ssis\u0259l\u0259r aras\u0131nda raz\u0131la\u015fd\u0131r\u0131lm\u0131\u015f [&hellip;]<\/p>\n","protected":false},"author":2,"featured_media":0,"comment_status":"closed","ping_status":"closed","sticky":false,"template":"","format":"standard","meta":[],"categories":[1],"tags":[13],"_links":{"self":[{"href":"https:\/\/yeniterter.az\/index.php?rest_route=\/wp\/v2\/posts\/10664"}],"collection":[{"href":"https:\/\/yeniterter.az\/index.php?rest_route=\/wp\/v2\/posts"}],"about":[{"href":"https:\/\/yeniterter.az\/index.php?rest_route=\/wp\/v2\/types\/post"}],"author":[{"embeddable":true,"href":"https:\/\/yeniterter.az\/index.php?rest_route=\/wp\/v2\/users\/2"}],"replies":[{"embeddable":true,"href":"https:\/\/yeniterter.az\/index.php?rest_route=%2Fwp%2Fv2%2Fcomments&post=10664"}],"version-history":[{"count":0,"href":"https:\/\/yeniterter.az\/index.php?rest_route=\/wp\/v2\/posts\/10664\/revisions"}],"wp:attachment":[{"href":"https:\/\/yeniterter.az\/index.php?rest_route=%2Fwp%2Fv2%2Fmedia&parent=10664"}],"wp:term":[{"taxonomy":"category","embeddable":true,"href":"https:\/\/yeniterter.az\/index.php?rest_route=%2Fwp%2Fv2%2Fcategories&post=10664"},{"taxonomy":"post_tag","embeddable":true,"href":"https:\/\/yeniterter.az\/index.php?rest_route=%2Fwp%2Fv2%2Ftags&post=10664"}],"curies":[{"name":"wp","href":"https:\/\/api.w.org\/{rel}","templated":true}]}}